{"id":50592,"date":"2023-01-17T21:41:12","date_gmt":"2023-01-18T03:41:12","guid":{"rendered":"http:\/\/www.zonaroja.com.mx\/?p=50592"},"modified":"2023-01-17T21:53:41","modified_gmt":"2023-01-18T03:53:41","slug":"con-bloqueos-y-violencia-doblega-puente-madera-al-gobierno-y-liberan-a-su-dirigente","status":"publish","type":"post","link":"https:\/\/zonaroja.com.mx\/?p=50592","title":{"rendered":"Con bloqueos y violencia, doblega Puente Madera al gobierno y liberan a su agente municipal"},"content":{"rendered":"\n<p>Ismael Garc\u00eda M.\/Zona Roja.<\/p>\n\n\n\n<p>Oaxaca de Ju\u00e1rez, Oax., a 17 de enero de 203.- Tras unas 12 horas de bloqueo a la carretera Tehuantepec-Juchit\u00e1n; el incendio de un veh\u00edculo; la retenci\u00f3n de una treintena de turistas franceses, el gobierno de Oaxaca opt\u00f3 por dejar en libertad a David Hern\u00e1ndez Salazar.<\/p>\n\n\n\n<p>Quien tambi\u00e9n se desempe\u00f1a como agente municipal de Puente Madera, perteneciente al municipio de San Blas Atempa, fue detenido la ma\u00f1ana de hoy por personal de la Fiscal\u00eda General del Estado y trasladado a un reclusorio de la regi\u00f3n Valles Centrales.<\/p>\n\n\n\n<p>Seg\u00fan un comunicado de la instituci\u00f3n, fue detenido por los delitos de Da\u00f1os por Incendio y Lesiones Dolosas, cometidos en el municipio de San Blas Atempa.<\/p>\n\n\n\n<p>No obstante, tras las presiones, la Secretar\u00eda de Gobierno, a cargo de Jes\u00fas Romero L\u00f3pez, y la Fiscal\u00eda General del Estado, ac\u00e9fala en la titularidad, convinieron en dejar en libertad al se\u00f1alado.<\/p>\n\n\n\n<p>\u201cEl compa\u00f1ero David Hern\u00e1ndez Salazar ya esta libre, se encuentra seguro y con buena salud.<\/p>\n\n\n\n<p>\u201cQueremos agradecer a las organizaciones ind\u00edgenas, sociales, de derechos humanos, colectivos, medios de comunicaci\u00f3n libres, alternativos o como se llame, e individuos, por su solidaridad y respaldo a la digna lucha de la comunidad ind\u00edgena Binniza de Puente Madera.<\/p>\n\n\n\n<p>\u201cEs gracias a la fuerza que emana de la Asamblea Comunitaria, la uni\u00f3n de sus habitantes y la solidaridad entre pueblos, que se consiguen las victorias en esta lucha por la vida\u201d, difundi\u00f3 esta noche la Asamblea de los Pueblos Ind\u00edgenas del Istmo en Defensa de la Tierra y el Territorio.<\/p>\n\n\n\n<p>Tras ello, alrededor de las 21:30 horas fue retirado el bloqueo a la carretera Tehuantepec-Juchit\u00e1n y se normaliz\u00f3 el tr\u00e1nsito vehicular.<\/p>\n","protected":false},"excerpt":{"rendered":"<p>Ismael Garc\u00eda M.\/Zona Roja. Oaxaca de Ju\u00e1rez, Oax., a 17 de enero de 203.- Tras&hellip;<\/p>\n","protected":false},"author":2,"featured_media":50593,"comment_status":"closed","ping_status":"open","sticky":false,"template":"","format":"standard","meta":{"_lmt_disableupdate":"","_lmt_disable":"","_jetpack_memberships_contains_paid_content":false,"footnotes":""},"categories":[109,47],"tags":[3401,3400],"class_list":["post-50592","post","type-post","status-publish","format-standard","has-post-thumbnail","hentry","category-minuto-a-minuto","category-zona-gris","tag-david-hernandez-salazar","tag-puente-madera-san-blas-atempa"],"jetpack_featured_media_url":"https:\/\/zonaroja.com.mx\/wp-content\/uploads\/2023\/01\/FmtpkghXgAEoYPi.jpeg","jetpack_sharing_enabled":true,"_links":{"self":[{"href":"https:\/\/zonaroja.com.mx\/index.php?rest_route=\/wp\/v2\/posts\/50592","targetHints":{"allow":["GET"]}}],"collection":[{"href":"https:\/\/zonaroja.com.mx\/index.php?rest_route=\/wp\/v2\/posts"}],"about":[{"href":"https:\/\/zonaroja.com.mx\/index.php?rest_route=\/wp\/v2\/types\/post"}],"author":[{"embeddable":true,"href":"https:\/\/zonaroja.com.mx\/index.php?rest_route=\/wp\/v2\/users\/2"}],"replies":[{"embeddable":true,"href":"https:\/\/zonaroja.com.mx\/index.php?rest_route=%2Fwp%2Fv2%2Fcomments&post=50592"}],"version-history":[{"count":2,"href":"https:\/\/zonaroja.com.mx\/index.php?rest_route=\/wp\/v2\/posts\/50592\/revisions"}],"predecessor-version":[{"id":50595,"href":"https:\/\/zonaroja.com.mx\/index.php?rest_route=\/wp\/v2\/posts\/50592\/revisions\/50595"}],"wp:featuredmedia":[{"embeddable":true,"href":"https:\/\/zonaroja.com.mx\/index.php?rest_route=\/wp\/v2\/media\/50593"}],"wp:attachment":[{"href":"https:\/\/zonaroja.com.mx\/index.php?rest_route=%2Fwp%2Fv2%2Fmedia&parent=50592"}],"wp:term":[{"taxonomy":"category","embeddable":true,"href":"https:\/\/zonaroja.com.mx\/index.php?rest_route=%2Fwp%2Fv2%2Fcategories&post=50592"},{"taxonomy":"post_tag","embeddable":true,"href":"https:\/\/zonaroja.com.mx\/index.php?rest_route=%2Fwp%2Fv2%2Ftags&post=50592"}],"curies":[{"name":"wp","href":"https:\/\/api.w.org\/{rel}","templated":true}]}}