{"id":50596,"date":"2023-01-18T11:16:00","date_gmt":"2023-01-18T17:16:00","guid":{"rendered":"http:\/\/www.zonaroja.com.mx\/?p=50596"},"modified":"2023-01-18T07:16:22","modified_gmt":"2023-01-18T13:16:22","slug":"baja-opinion-favorable-hacia-claudia-sheinbaum-encuesta","status":"publish","type":"post","link":"https:\/\/zonaroja.com.mx\/?p=50596","title":{"rendered":"Baja opini\u00f3n favorable hacia Claudia Sheinbaum: encuesta"},"content":{"rendered":"\n<p>Redacci\u00f3n\/Zona Roja Cdmx.<\/p>\n\n\n\n<p>Ciudad de M\u00e9xico, a 18 de enero de 2023.- En la contienda de las \u2018corcholatas\u2019 presidenciales por ganar la encuesta de Morena, Claudia Sheinbaum baj\u00f3 sus bonos en enero de 2023, mientras que Marcelo Ebrard, Ad\u00e1n Augusto L\u00f3pez y Ricardo Monreal dieron \u2018pasitos\u2019 hacia adelante, revela la m\u00e1s reciente encuesta nacional de \u201cEl Financiero\u201d.<\/p>\n\n\n\n<p>De acuerdo con el estudio, la opini\u00f3n favorable para Claudia Sheinbaum a nivel nacional baj\u00f3 de 46 a 41 por ciento entre diciembre y enero, 5 puntos porcentuales menos, mientras que la de Ebrard subi\u00f3 ligeramente de 36 a 38 por ciento; la de Ad\u00e1n Augusto L\u00f3pez aument\u00f3 6 puntos, de 24 a 30 por ciento, y la de Ricardo Monreal sum\u00f3 un punto, de 23 a 24 por ciento.<\/p>\n\n\n\n<p>Sheinbaum fue la \u00fanica de las \u2018corcholatas\u2019 que registr\u00f3 bajas en este mes, lo cual coincide con el accidente y a las diversas fallas en el Sistema de Transporte Colectivo Metro de la Ciudad de M\u00e9xico, acompa\u00f1adas por la medida de emplear a 6 mil elementos de la Guardia Nacional para la vigilancia del Metro.<\/p>\n\n\n\n<p>Al preguntar a qui\u00e9n de los cuatro prefieren como abanderado presidencial de Morena en 2024, el apoyo a Sheinbaum baj\u00f3 cinco puntos, al pasar de 30 a 25 por ciento entre diciembre y enero, seg\u00fan el sondeo.<\/p>\n\n\n\n<p>Por su parte, Ebrard avanz\u00f3 un punto para situarse en 23 por ciento, a dos puntos de la jefa de Gobierno, quien el mes anterior aventajaba al canciller por ocho puntos.<\/p>\n\n\n\n<p>El secretario de Gobernaci\u00f3n avanz\u00f3 tres puntos, al pasar de 11 a 14 por ciento en el \u00faltimo mes, mientras que el senador Monreal tambi\u00e9n sum\u00f3 tres puntos, al moverse su apoyo de 8 a 11 por ciento.<\/p>\n\n\n\n<p>El apoyo a Sheinbaum disminuy\u00f3 m\u00e1s marcadamente en las preferencias de los morenistas, al caer de 41 a 33 por ciento, una ca\u00edda de ocho puntos que significa ceder el primer lugar entre ese segmento de \u2018voto duro\u2019 a Ebrard, quien pas\u00f3 de 34 a 35 por ciento. Por otra parte, Ad\u00e1n Augusto L\u00f3pez sum\u00f3 cuatro puntos entre morenistas, al pasar de 16 a 20 por ciento, y Monreal gan\u00f3 cinco puntos, al subir de 4 a 9 por ciento.<\/p>\n\n\n\n<p>De acuerdo con estos datos, las noticias de incidentes en el Metro s\u00ed parecen haberle pegado a la, hasta hoy, puntera de Morena en las preferencias.<\/p>\n\n\n\n<p>Y en cuesti\u00f3n de imagen tambi\u00e9n hubo variaciones: Sheinbaum baj\u00f3 cuatro puntos en la percepci\u00f3n de ser la que mejores resultados ha dado en su cargo y cinco puntos en la percepci\u00f3n de ser la que mejor representa el proyecto de la 4T. Con esta disminuci\u00f3n, la ventaja de cinco y seis puntos que ten\u00eda sobre Ebrard el mes anterior en esos indicadores se cerr\u00f3 a s\u00f3lo un punto.<\/p>\n\n\n\n<p>Al preguntar si han visto o no la frase #EsClaudia, 53 por ciento de entrevistados dijo que s\u00ed, principalmente en redes sociales (23 por ciento), seguido de pintas en bardas (19 por ciento) y en espectaculares (11 por ciento).<\/p>\n\n\n\n<p>Las opiniones est\u00e1n divididas con respecto a si las \u2018corcholatas\u2019 han sido respetuosas de la ley y los tiempos electorales: 40 por ciento opina que s\u00ed y 46 por ciento que no. Por otro lado, 37 por ciento se\u00f1ala a Sheinbaum como la aspirante presidencial morenista que m\u00e1s se ha excedido en promocionarse, seguida por Ebrard, con 22 por ciento.<\/p>\n\n\n\n<p>Metodolog\u00eda: Encuesta nacional realizada v\u00eda telef\u00f3nica a 800 mexicanos adultos el 6-7 y 11 de enero de 2023. Se hizo un muestreo probabil\u00edstico de tel\u00e9fonos residenciales y celulares en las 32 entidades federativas.<\/p>\n\n\n\n<p>Con un nivel de confianza de 95%, el margen de error de las estimaciones es de +\/-3.5 por ciento. * Pregunta realizada el 6-7 de enero (n=600).<\/p>\n\n\n\n<p>Patrocinio y Realizaci\u00f3n: EL FINANCIERO<\/p>\n","protected":false},"excerpt":{"rendered":"<p>Redacci\u00f3n\/Zona Roja Cdmx. Ciudad de M\u00e9xico, a 18 de enero de 2023.- En la contienda&hellip;<\/p>\n","protected":false},"author":2,"featured_media":50598,"comment_status":"closed","ping_status":"open","sticky":false,"template":"","format":"standard","meta":{"_lmt_disableupdate":"","_lmt_disable":"","_jetpack_memberships_contains_paid_content":false,"footnotes":""},"categories":[109,47],"tags":[3370],"class_list":["post-50596","post","type-post","status-publish","format-standard","has-post-thumbnail","hentry","category-minuto-a-minuto","category-zona-gris","tag-claudia-sheinbaum"],"jetpack_featured_media_url":"https:\/\/zonaroja.com.mx\/wp-content\/uploads\/2023\/01\/Claudia-Sheibaum.webp","jetpack_sharing_enabled":true,"_links":{"self":[{"href":"https:\/\/zonaroja.com.mx\/index.php?rest_route=\/wp\/v2\/posts\/50596","targetHints":{"allow":["GET"]}}],"collection":[{"href":"https:\/\/zonaroja.com.mx\/index.php?rest_route=\/wp\/v2\/posts"}],"about":[{"href":"https:\/\/zonaroja.com.mx\/index.php?rest_route=\/wp\/v2\/types\/post"}],"author":[{"embeddable":true,"href":"https:\/\/zonaroja.com.mx\/index.php?rest_route=\/wp\/v2\/users\/2"}],"replies":[{"embeddable":true,"href":"https:\/\/zonaroja.com.mx\/index.php?rest_route=%2Fwp%2Fv2%2Fcomments&post=50596"}],"version-history":[{"count":1,"href":"https:\/\/zonaroja.com.mx\/index.php?rest_route=\/wp\/v2\/posts\/50596\/revisions"}],"predecessor-version":[{"id":50601,"href":"https:\/\/zonaroja.com.mx\/index.php?rest_route=\/wp\/v2\/posts\/50596\/revisions\/50601"}],"wp:featuredmedia":[{"embeddable":true,"href":"https:\/\/zonaroja.com.mx\/index.php?rest_route=\/wp\/v2\/media\/50598"}],"wp:attachment":[{"href":"https:\/\/zonaroja.com.mx\/index.php?rest_route=%2Fwp%2Fv2%2Fmedia&parent=50596"}],"wp:term":[{"taxonomy":"category","embeddable":true,"href":"https:\/\/zonaroja.com.mx\/index.php?rest_route=%2Fwp%2Fv2%2Fcategories&post=50596"},{"taxonomy":"post_tag","embeddable":true,"href":"https:\/\/zonaroja.com.mx\/index.php?rest_route=%2Fwp%2Fv2%2Ftags&post=50596"}],"curies":[{"name":"wp","href":"https:\/\/api.w.org\/{rel}","templated":true}]}}