{"id":5060,"date":"2019-10-23T09:22:18","date_gmt":"2019-10-23T14:22:18","guid":{"rendered":"http:\/\/www.zonaroja.com.mx\/?p=5060"},"modified":"2019-10-23T10:58:28","modified_gmt":"2019-10-23T15:58:28","slug":"fueron-tres-los-oaxaquenos-reconocidos-con-el-premio-nacional-de-la-juventud","status":"publish","type":"post","link":"https:\/\/zonaroja.com.mx\/?p=5060","title":{"rendered":"Fueron tres los oaxaque\u00f1os reconocidos con el Premio Nacional de la Juventud"},"content":{"rendered":"\n<p>Evlin Arag\u00f3n\/Zona Roja.<\/p>\n\n\n\n<p>Oaxaca de Ju\u00e1rez, Oax., 23 de octubre\nde 2019.- Edgar Aldair P\u00e9rez Ortiz, Omar Aguilar S\u00e1nchez y Bryant Leomar Garc\u00eda\nRu\u00edz fueron reconocidos por el presidente de la Rep\u00fablica, Andr\u00e9s Manuel L\u00f3pez\nObrador, en el marco del Premio Nacional de la Juventud 2019, que se entreg\u00f3\neste lunes 21 de octubre en la Ciudad de M\u00e9xico.<\/p>\n\n\n\n<p>La nota que tuvo mayor cobertura en los\nmedios de comunicaci\u00f3n, fue el galard\u00f3n de Edgar Aldair en la categor\u00eda de\n\u201cProtecci\u00f3n al medio ambiente\u201d por su trabajo en el rescate de los r\u00edos\n\u201cSalado\u201d y \u201cAtoyac\u201d de Oaxaca.<\/p>\n\n\n\n<p>El joven ind\u00edgena zapoteco, ha sido parte fundamental en toda la ruta jur\u00eddica que ha recorrido la Litigio Estrat\u00e9gico Ind\u00edgena A.C., en el juicio de amparo para el rescate de los dos r\u00edos. Es estudiante de la Facultad de Derecho y Ciencias Sociales de la Universidad Aut\u00f3noma \u201cBenito Ju\u00e1rez\u201d de Oaxaca. <\/p>\n\n\n\n<p>Sin embargo, Edgar no fue el \u00fanico, ya\nque el arque\u00f3logo oaxaque\u00f1o Omar Aguilar S\u00e1nchez tambi\u00e9n fue reconocido por sus\nlogros alcanzados en el estudio de c\u00f3dices realizados en la \u00e9poca precolonial y\ncolonial en la regi\u00f3n de la Mixteca.<\/p>\n\n\n\n<p>Aguilar S\u00e1nchez tiene 28 a\u00f1os y es\noriginario de Santo Tom\u00e1s Ocotepec y estudio en la Universidad Nacional\nAut\u00f3noma de M\u00e9xico, actualmente trabaja en la Universidad de Leiden, en Holanda,\npor invitaci\u00f3n de investigadores que conoci\u00f3 durante su doctorado en la\nFacultad de Arqueolog\u00eda y Humanidades de la UNAM.<\/p>\n\n\n\n<p>Recientemente el arque\u00f3logo asesor\u00f3 en\nel desarrollo de la aplicaci\u00f3n m\u00f3vil (APP) \u201cPara aprender a leer c\u00f3dices\nmixtecos\u201d propuesta de Selene P\u00e9rez Herrera y Celina Ortiz Barrios, estudiantes\nde la carrera de Ingenier\u00eda en Sistemas Computacionales, del Instituto\nTecnol\u00f3gico de Tlaxiaco.<\/p>\n\n\n\n<p>A trav\u00e9s de la app, las estudiantes\ndesean sentar las bases para que las comunidades logren identificar los\nelementos iconogr\u00e1ficos de los c\u00f3dices plasmados en lengua \u00d1uu Savi, la cual\npredominar\u00e1 en la interpretaci\u00f3n, pero tambi\u00e9n se contempla la opci\u00f3n de la\nlectura en espa\u00f1ol.<\/p>\n\n\n\n<p>\u201cLo que he hecho en los \u00faltimos cinco\na\u00f1os, a trav\u00e9s de esta conciencia e justamente volver a mi comunidad de origen\ny a otras comunidades aleda\u00f1as dando una serie de conferencias y talleres para\npromover nuestro patrimonio cultural\u201d, dijo en la semblanza que fue presentada\ndurante la ceremonia oficial de la entrega del premio.<\/p>\n\n\n\n<p>Mientras que el tercer oaxaque\u00f1o\nreconocido fue Bryant Leomar Garc\u00eda Ru\u00edz, estudiante del 5\u00b0 semestre del\nInstituto de Estudios de Bachillerato del Estado de Oaxaca plantel 22 Zapata,\nSan Juan Cotzoc\u00f3n, Mixe.<\/p>\n\n\n\n<p>Lo anterior en la categor\u00eda A \u00aben\nla distinci\u00f3n de Derechos Humanos\u00bb por su labor en la impartici\u00f3n de\ntalleres y conferencias en la defensa de los derechos los grupos m\u00e1s\nvulnerables, as\u00ed mismo es promotor de los derechos de la ni\u00f1ez en su distrito.<\/p>\n\n\n\n<p>\u201cDesde ni\u00f1o siempre me he preocupado\npor los dem\u00e1s y me hace realmente muy feliz saber que yo puedo cambiar la\nmentalidad y las acciones de muchas personas, quiero que se acaben las\nhistorias de discriminaci\u00f3n, de abusos, de violencia, yo tengo la gran\nconfianza que puedo aportar algo a este cambio a trav\u00e9s de mis conferencias\npara que se pueda expandir mi mensaje\u201d, se\u00f1al\u00f3 de igual forma en el video\ndifundido por el Instituto Nacional de la Juventud.<\/p>\n","protected":false},"excerpt":{"rendered":"<p>Evlin Arag\u00f3n\/Zona Roja. Oaxaca de Ju\u00e1rez, Oax., 23 de octubre de 2019.- Edgar Aldair P\u00e9rez&hellip;<\/p>\n","protected":false},"author":2,"featured_media":5061,"comment_status":"closed","ping_status":"open","sticky":false,"template":"","format":"standard","meta":{"_lmt_disableupdate":"","_lmt_disable":"","_jetpack_memberships_contains_paid_content":false,"footnotes":""},"categories":[109,46],"tags":[896],"class_list":["post-5060","post","type-post","status-publish","format-standard","has-post-thumbnail","hentry","category-minuto-a-minuto","category-zona-blanca","tag-premio-nacional-de-la-juventud"],"jetpack_featured_media_url":"https:\/\/zonaroja.com.mx\/wp-content\/uploads\/2019\/10\/Image-1-5-1.jpg","jetpack_sharing_enabled":true,"_links":{"self":[{"href":"https:\/\/zonaroja.com.mx\/index.php?rest_route=\/wp\/v2\/posts\/5060","targetHints":{"allow":["GET"]}}],"collection":[{"href":"https:\/\/zonaroja.com.mx\/index.php?rest_route=\/wp\/v2\/posts"}],"about":[{"href":"https:\/\/zonaroja.com.mx\/index.php?rest_route=\/wp\/v2\/types\/post"}],"author":[{"embeddable":true,"href":"https:\/\/zonaroja.com.mx\/index.php?rest_route=\/wp\/v2\/users\/2"}],"replies":[{"embeddable":true,"href":"https:\/\/zonaroja.com.mx\/index.php?rest_route=%2Fwp%2Fv2%2Fcomments&post=5060"}],"version-history":[{"count":2,"href":"https:\/\/zonaroja.com.mx\/index.php?rest_route=\/wp\/v2\/posts\/5060\/revisions"}],"predecessor-version":[{"id":5066,"href":"https:\/\/zonaroja.com.mx\/index.php?rest_route=\/wp\/v2\/posts\/5060\/revisions\/5066"}],"wp:featuredmedia":[{"embeddable":true,"href":"https:\/\/zonaroja.com.mx\/index.php?rest_route=\/wp\/v2\/media\/5061"}],"wp:attachment":[{"href":"https:\/\/zonaroja.com.mx\/index.php?rest_route=%2Fwp%2Fv2%2Fmedia&parent=5060"}],"wp:term":[{"taxonomy":"category","embeddable":true,"href":"https:\/\/zonaroja.com.mx\/index.php?rest_route=%2Fwp%2Fv2%2Fcategories&post=5060"},{"taxonomy":"post_tag","embeddable":true,"href":"https:\/\/zonaroja.com.mx\/index.php?rest_route=%2Fwp%2Fv2%2Ftags&post=5060"}],"curies":[{"name":"wp","href":"https:\/\/api.w.org\/{rel}","templated":true}]}}