{"id":50602,"date":"2023-01-18T07:10:20","date_gmt":"2023-01-18T13:10:20","guid":{"rendered":"http:\/\/www.zonaroja.com.mx\/?p=50602"},"modified":"2023-01-18T07:10:23","modified_gmt":"2023-01-18T13:10:23","slug":"exigen-justicia-por-nino-asesinado-por-su-amigo-de-juego-de-maquinitas","status":"publish","type":"post","link":"https:\/\/zonaroja.com.mx\/?p=50602","title":{"rendered":"Exigen justicia por ni\u00f1o asesinado por su amigo de juego de maquinitas"},"content":{"rendered":"\n<p>Redacci\u00f3n\/Zona Roja Cdmx.<\/p>\n\n\n\n<p>Ciudad de M\u00e9xico, a 18 de enero de 2023.- En la comunidad de Tejocote, Veracruz, este martes fue el sepelio de Samuel, de 11 a\u00f1os de edad, asesinado a balazos por su compa\u00f1ero Eduardo, de 10 a\u00f1os, con quien jugaba a las maquinitas.<\/p>\n\n\n\n<p>El hecho violento que ha conmocionado al pa\u00eds ocurri\u00f3 el domingo en dicha localidad del municipio de La Perla, en que los peque\u00f1os jugaban en una tienda a las maquinitas.<\/p>\n\n\n\n<p>Pero Eduardo se enoj\u00f3 y sali\u00f3 corriendo a su casa, recogi\u00f3 un arma de fuego que estaba en la mesa del comedor, regres\u00f3 y le dispar\u00f3 en la cabeza a Samuel.<\/p>\n\n\n\n<p>De inmediato, los encargados del establecimiento pidieron apoyo de la polic\u00eda y de una unidad de emergencia para que auxiliaran al menor, estos lo trasladaron al Hospital Regional de R\u00edo Blanco; sin embargo, muri\u00f3 mientras era atendido debido a las heridas que presentaba.<\/p>\n\n\n\n<p>Mientras tanto, el se\u00f1or Maximino Flores y su esposa Carmen huyeron de la comunidad con su hijo Eduardo, el ni\u00f1o agresor, y el hermano de 12 a\u00f1os.<\/p>\n\n\n\n<p>Durante el sepelio, la familia exigi\u00f3 justicia y que a la brevedad se busque al agresor y a sus padres, al considerar la grave irresponsabilidad de \u00e9stos por dejar el arma de fuego a la mano.<\/p>\n\n\n\n<p>Seg\u00fan el gobierno de Veracruz, ya buscan al menor agresor y a sus padres, al tiempo de garantizar que no habr\u00e1 impunidad en este caso.<\/p>\n","protected":false},"excerpt":{"rendered":"<p>Redacci\u00f3n\/Zona Roja Cdmx. Ciudad de M\u00e9xico, a 18 de enero de 2023.- En la comunidad&hellip;<\/p>\n","protected":false},"author":2,"featured_media":50603,"comment_status":"closed","ping_status":"open","sticky":false,"template":"","format":"standard","meta":{"_lmt_disableupdate":"","_lmt_disable":"","_jetpack_memberships_contains_paid_content":false,"footnotes":""},"categories":[109,47],"tags":[],"class_list":["post-50602","post","type-post","status-publish","format-standard","has-post-thumbnail","hentry","category-minuto-a-minuto","category-zona-gris"],"jetpack_featured_media_url":"https:\/\/zonaroja.com.mx\/wp-content\/uploads\/2023\/01\/Nino-asesinado-maquinitas.jpg","jetpack_sharing_enabled":true,"_links":{"self":[{"href":"https:\/\/zonaroja.com.mx\/index.php?rest_route=\/wp\/v2\/posts\/50602","targetHints":{"allow":["GET"]}}],"collection":[{"href":"https:\/\/zonaroja.com.mx\/index.php?rest_route=\/wp\/v2\/posts"}],"about":[{"href":"https:\/\/zonaroja.com.mx\/index.php?rest_route=\/wp\/v2\/types\/post"}],"author":[{"embeddable":true,"href":"https:\/\/zonaroja.com.mx\/index.php?rest_route=\/wp\/v2\/users\/2"}],"replies":[{"embeddable":true,"href":"https:\/\/zonaroja.com.mx\/index.php?rest_route=%2Fwp%2Fv2%2Fcomments&post=50602"}],"version-history":[{"count":1,"href":"https:\/\/zonaroja.com.mx\/index.php?rest_route=\/wp\/v2\/posts\/50602\/revisions"}],"predecessor-version":[{"id":50604,"href":"https:\/\/zonaroja.com.mx\/index.php?rest_route=\/wp\/v2\/posts\/50602\/revisions\/50604"}],"wp:featuredmedia":[{"embeddable":true,"href":"https:\/\/zonaroja.com.mx\/index.php?rest_route=\/wp\/v2\/media\/50603"}],"wp:attachment":[{"href":"https:\/\/zonaroja.com.mx\/index.php?rest_route=%2Fwp%2Fv2%2Fmedia&parent=50602"}],"wp:term":[{"taxonomy":"category","embeddable":true,"href":"https:\/\/zonaroja.com.mx\/index.php?rest_route=%2Fwp%2Fv2%2Fcategories&post=50602"},{"taxonomy":"post_tag","embeddable":true,"href":"https:\/\/zonaroja.com.mx\/index.php?rest_route=%2Fwp%2Fv2%2Ftags&post=50602"}],"curies":[{"name":"wp","href":"https:\/\/api.w.org\/{rel}","templated":true}]}}