{"id":50605,"date":"2023-01-18T09:10:00","date_gmt":"2023-01-18T15:10:00","guid":{"rendered":"http:\/\/www.zonaroja.com.mx\/?p=50605"},"modified":"2023-01-18T07:15:50","modified_gmt":"2023-01-18T13:15:50","slug":"asegura-diputado-de-morena-que-oaxaca-avanza-en-la-transformacion","status":"publish","type":"post","link":"https:\/\/zonaroja.com.mx\/?p=50605","title":{"rendered":"Asegura diputado de Morena que Oaxaca avanza en la transformaci\u00f3n"},"content":{"rendered":"\n<p>Redacci\u00f3n\/Zona Roja.<\/p>\n\n\n\n<p>Oaxaca de Ju\u00e1rez, Oax.,18 de enero de 2023 Oaxaca.- Con la aprobaci\u00f3n de un Presupuesto de Egresos para este a\u00f1o de 92 mil 229 millones 479 mil 717 pesos y la creaci\u00f3n de la Ley Estatal de Austeridad Republicana, Oaxaca avanza hacia la transformaci\u00f3n, impulsada a nivel nacional por el presidente Andr\u00e9s Manuel L\u00f3pez Obrador.<\/p>\n\n\n\n<p>As\u00ed lo declar\u00f3 el presidente de la Junta de Coordinaci\u00f3n Pol\u00edtica (Jucopo) del Congreso local, Luis Alfonso Silva Romo.<\/p>\n\n\n\n<p>\u00abEstamos en el amanecer de un nuevo Oaxaca\u00bb, expres\u00f3 al destacar los cambios que se est\u00e1n viviendo en el estado, en el Poder Legislativo y Ejecutivo con la llegada de representantes surgidos del Movimiento de Regeneraci\u00f3n Nacional (Morena), y que coinciden con la visi\u00f3n de consolidar la democracia y el nacionalismo en beneficio del pueblo.<\/p>\n\n\n\n<p>\u00abEstamos viviendo un momento estelar de la historia de M\u00e9xico, en este cataclismo global en el cual parece que estamos regresando de un movimiento pendular del neoliberalismo a un nacionalismo que viene de regreso\u00bb, explic\u00f3.<\/p>\n\n\n\n<p>\u00abCreo en la separaci\u00f3n de poderes, vivimos en el mejor sistema que es la Rep\u00fablica y me parece tambi\u00e9n este equilibrio de poderes: Poder Ejecutivo, Legislativo y&nbsp; Judicial y que a nivel local tiene que ser fehaciente.<\/p>\n\n\n\n<p>\u201cPero tambi\u00e9n no podemos dejar de lado el hecho de que seamos parte de un mismo movimiento y que las demandas que su servidor como candidato en el a\u00f1o 2021 llevamos adelante, en gran parte, son las mismas propuestas ahora en el Gobierno por el ingeniero Salom\u00f3n Jara Cruz\u00bb, detall\u00f3.<\/p>\n\n\n\n<p>Y en este sentido, el legislador coordinador tambi\u00e9n del grupo parlamentario de Morena en la 65 Legislatura local, destac\u00f3 que esta unidad por el bien de Oaxaca permitir\u00e1 que haya un gran avance en el inicio de esta administraci\u00f3n.<\/p>\n\n\n\n<p>Sobre estos logros, resalt\u00f3 la creaci\u00f3n de la Ley Estatal de Austeridad Republicana, propuesta por el gobernador, Salom\u00f3n Jara Cruz.<\/p>\n\n\n\n<p>\u00abEs una ley que viene a cambiar el paradigma del ejercicio del recurso p\u00fablico, la austeridad es una conducta que debe asumir el servidor p\u00fablico, en el sentido de que entienda que el recurso p\u00fablico no es un patrimonio propio, sino es un patrimonio social. La austeridad republicana es que no debe haber gobierno rico con un pueblo pobre\u00bb, a\u00f1adi\u00f3.<\/p>\n\n\n\n<p>De igual manera, enfatiz\u00f3 que en el Poder Legislativo se acab\u00f3 con el pago a legisladores para la aprobaci\u00f3n de iniciativas o en su caso para el presupuesto de egresos, ya que en administraciones pasadas se ten\u00eda que destinar dinero para que las legislaturas avalaran un presupuesto.<\/p>\n\n\n\n<p>\u00abQuiero decirles que en este presupuesto (2023), el que se aprob\u00f3 el a\u00f1o pasado, no hubo absolutamente ni un peso de por medio, aqu\u00ed la gran mayor\u00eda de compa\u00f1eras y compa\u00f1eros, estamos hablando de Morena, del Partido del Trabajo, del Partido Verde Ecologista de M\u00e9xico, del Partido Unidad Popular, votaron a favor de este presupuesto hist\u00f3rico, este a\u00f1o va a haber un presupuesto hist\u00f3rico, esto va a reactivar la econom\u00eda\u00bb, concluy\u00f3.<\/p>\n\n\n\n<p>(Comunicado)<\/p>\n","protected":false},"excerpt":{"rendered":"<p>Redacci\u00f3n\/Zona Roja. Oaxaca de Ju\u00e1rez, Oax.,18 de enero de 2023 Oaxaca.- Con la aprobaci\u00f3n de&hellip;<\/p>\n","protected":false},"author":2,"featured_media":50606,"comment_status":"closed","ping_status":"open","sticky":false,"template":"","format":"standard","meta":{"_lmt_disableupdate":"","_lmt_disable":"","_jetpack_memberships_contains_paid_content":false,"footnotes":""},"categories":[109,46],"tags":[2721],"class_list":["post-50605","post","type-post","status-publish","format-standard","has-post-thumbnail","hentry","category-minuto-a-minuto","category-zona-blanca","tag-luis-alfonso-silva-romo"],"jetpack_featured_media_url":"https:\/\/zonaroja.com.mx\/wp-content\/uploads\/2023\/01\/Luis-Alfonso-Silva-Romo.jpeg","jetpack_sharing_enabled":true,"_links":{"self":[{"href":"https:\/\/zonaroja.com.mx\/index.php?rest_route=\/wp\/v2\/posts\/50605","targetHints":{"allow":["GET"]}}],"collection":[{"href":"https:\/\/zonaroja.com.mx\/index.php?rest_route=\/wp\/v2\/posts"}],"about":[{"href":"https:\/\/zonaroja.com.mx\/index.php?rest_route=\/wp\/v2\/types\/post"}],"author":[{"embeddable":true,"href":"https:\/\/zonaroja.com.mx\/index.php?rest_route=\/wp\/v2\/users\/2"}],"replies":[{"embeddable":true,"href":"https:\/\/zonaroja.com.mx\/index.php?rest_route=%2Fwp%2Fv2%2Fcomments&post=50605"}],"version-history":[{"count":1,"href":"https:\/\/zonaroja.com.mx\/index.php?rest_route=\/wp\/v2\/posts\/50605\/revisions"}],"predecessor-version":[{"id":50607,"href":"https:\/\/zonaroja.com.mx\/index.php?rest_route=\/wp\/v2\/posts\/50605\/revisions\/50607"}],"wp:featuredmedia":[{"embeddable":true,"href":"https:\/\/zonaroja.com.mx\/index.php?rest_route=\/wp\/v2\/media\/50606"}],"wp:attachment":[{"href":"https:\/\/zonaroja.com.mx\/index.php?rest_route=%2Fwp%2Fv2%2Fmedia&parent=50605"}],"wp:term":[{"taxonomy":"category","embeddable":true,"href":"https:\/\/zonaroja.com.mx\/index.php?rest_route=%2Fwp%2Fv2%2Fcategories&post=50605"},{"taxonomy":"post_tag","embeddable":true,"href":"https:\/\/zonaroja.com.mx\/index.php?rest_route=%2Fwp%2Fv2%2Ftags&post=50605"}],"curies":[{"name":"wp","href":"https:\/\/api.w.org\/{rel}","templated":true}]}}