{"id":50615,"date":"2023-01-18T08:24:03","date_gmt":"2023-01-18T14:24:03","guid":{"rendered":"http:\/\/www.zonaroja.com.mx\/?p=50615"},"modified":"2023-01-18T08:24:07","modified_gmt":"2023-01-18T14:24:07","slug":"asesinan-a-otro-individuo-en-oaxaca-y-violan-a-una-mujer-este-martes","status":"publish","type":"post","link":"https:\/\/zonaroja.com.mx\/?p=50615","title":{"rendered":"Asesinan a otro individuo en Oaxaca y violan a una mujer, este martes"},"content":{"rendered":"\n<p>Redacci\u00f3n\/Zona Roja.<\/p>\n\n\n\n<p>Oaxaca de Ju\u00e1rez, Oax., a 18 de enero de 2023.- Otra persona fue asesinada con disparos de arma de fuego este martes en Oaxaca, con lo cual sumaron tres cr\u00edmenes; adem\u00e1s, una joven fue violada en una gasoliner\u00eda.<\/p>\n\n\n\n<p>La tarde de ayer, dos sujetos armados arribaron a una tienda en la comunidad de San Jos\u00e9 del Progreso, Ocotl\u00e1n, para acribillar a un individuo, tras lo cual se retiraron.<\/p>\n\n\n\n<p>La v\u00edctima fue identificada como \u00c1lvaro Jos\u00e9 \u201cN\u201d, de aproximadamente 31 a\u00f1os de edad, y era suplente del regidor de Hacienda del ayuntamiento de ese municipio de la regi\u00f3n Valles Centrales.<\/p>\n\n\n\n<p>Los sujetos huyeron y los polic\u00edas municipales no lograron dar con \u00e9l.<\/p>\n\n\n\n<p>Por otra parte, en Santa Cruz Xoxocotl\u00e1n, una joven denunci\u00f3 que fue agredida sexualmente en una gasoliner\u00eda, ubicada en el bulevar Guadalupe Hinojosa, frente a un centro comercial.<\/p>\n\n\n\n<p>Relat\u00f3 a los polic\u00edas que un sujeto la sujet\u00f3 y la meti\u00f3 a unos sanitarios, donde la viol\u00f3, tras lo cual se dio a la fuga; pese a la denuncia y el llamado de auxilio, no fue localizado el sujeto.<\/p>\n\n\n\n<p>Como se inform\u00f3 ayer, otros cr\u00edmenes ocurrieron ayer en San Pedro Tapanatepec y en El Ciruelo, localidad de Pinotepa Nacional; mientras que m\u00e1s tarde, las autoridades estatales detallaron que el individuo hallado sin vida en Ejutla de Crespo, muri\u00f3 a causa de un atropellamiento por un veh\u00edculo.<\/p>\n","protected":false},"excerpt":{"rendered":"<p>Redacci\u00f3n\/Zona Roja. Oaxaca de Ju\u00e1rez, Oax., a 18 de enero de 2023.- Otra persona fue&hellip;<\/p>\n","protected":false},"author":2,"featured_media":49033,"comment_status":"closed","ping_status":"open","sticky":false,"template":"","format":"standard","meta":{"_lmt_disableupdate":"","_lmt_disable":"","_jetpack_memberships_contains_paid_content":false,"footnotes":""},"categories":[109,51],"tags":[578],"class_list":["post-50615","post","type-post","status-publish","format-standard","has-post-thumbnail","hentry","category-minuto-a-minuto","category-zona-roja","tag-san-jose-del-progreso"],"jetpack_featured_media_url":"https:\/\/zonaroja.com.mx\/wp-content\/uploads\/2022\/12\/Escena-crimen-asesinato-violencia.jpg","jetpack_sharing_enabled":true,"_links":{"self":[{"href":"https:\/\/zonaroja.com.mx\/index.php?rest_route=\/wp\/v2\/posts\/50615","targetHints":{"allow":["GET"]}}],"collection":[{"href":"https:\/\/zonaroja.com.mx\/index.php?rest_route=\/wp\/v2\/posts"}],"about":[{"href":"https:\/\/zonaroja.com.mx\/index.php?rest_route=\/wp\/v2\/types\/post"}],"author":[{"embeddable":true,"href":"https:\/\/zonaroja.com.mx\/index.php?rest_route=\/wp\/v2\/users\/2"}],"replies":[{"embeddable":true,"href":"https:\/\/zonaroja.com.mx\/index.php?rest_route=%2Fwp%2Fv2%2Fcomments&post=50615"}],"version-history":[{"count":1,"href":"https:\/\/zonaroja.com.mx\/index.php?rest_route=\/wp\/v2\/posts\/50615\/revisions"}],"predecessor-version":[{"id":50616,"href":"https:\/\/zonaroja.com.mx\/index.php?rest_route=\/wp\/v2\/posts\/50615\/revisions\/50616"}],"wp:featuredmedia":[{"embeddable":true,"href":"https:\/\/zonaroja.com.mx\/index.php?rest_route=\/wp\/v2\/media\/49033"}],"wp:attachment":[{"href":"https:\/\/zonaroja.com.mx\/index.php?rest_route=%2Fwp%2Fv2%2Fmedia&parent=50615"}],"wp:term":[{"taxonomy":"category","embeddable":true,"href":"https:\/\/zonaroja.com.mx\/index.php?rest_route=%2Fwp%2Fv2%2Fcategories&post=50615"},{"taxonomy":"post_tag","embeddable":true,"href":"https:\/\/zonaroja.com.mx\/index.php?rest_route=%2Fwp%2Fv2%2Ftags&post=50615"}],"curies":[{"name":"wp","href":"https:\/\/api.w.org\/{rel}","templated":true}]}}