{"id":50617,"date":"2023-01-18T13:24:00","date_gmt":"2023-01-18T19:24:00","guid":{"rendered":"http:\/\/www.zonaroja.com.mx\/?p=50617"},"modified":"2023-01-18T13:26:12","modified_gmt":"2023-01-18T19:26:12","slug":"pend-1-3","status":"publish","type":"post","link":"https:\/\/zonaroja.com.mx\/?p=50617","title":{"rendered":"Se mofa de la ley activista de Puente Madera: s\u00ed fue liberado tras bloqueos y violencia"},"content":{"rendered":"\n<p>Yuridiana Sosa\/Zona Roja.<\/p>\n\n\n\n<p>Oaxaca de Ju\u00e1rez, Oax., 18 de enero de 2023.- El agente municipal de Puente Madera, San Blas Atempa, David Hern\u00e1ndez Salazar, detenido ayer por da\u00f1os por incendio y lesiones dolosas, confirm\u00f3 que su liberaci\u00f3n se debi\u00f3 a la movilizaci\u00f3n realizada en el Istmo, donde una vez m\u00e1s se registr\u00f3 la quema de una unidad y retenci\u00f3n de turistas extranjeros.<\/p>\n\n\n\n<p>As\u00ed lo dio a conocer la ma\u00f1ana de&nbsp;este mi\u00e9rcoles&nbsp;en conferencia de la capital del estado, donde respaldado por el Frente de Organizaciones Oaxaque\u00f1as (Foro) asegur\u00f3 que \u201cno hay algo que demuestre\u201d que \u00e9l cometi\u00f3 dichos actos de vandalismos registrados en otros bloqueos en el 2022.<\/p>\n\n\n\n<p>\u201cEstamos defendiendo nuestra tierra de uso com\u00fan y originan movilizaciones y supuestamente nosotros hicimos esos actos de vandalismo, pero no hay algo que demuestre eso\u201d, apunt\u00f3 el integrante de la Asamblea de los Pueblos Ind\u00edgenas del Istmo en Defensa de la Tierra y el Territorio (APIIDTT).<\/p>\n\n\n\n<p>De acuerdo a Hern\u00e1ndez Salazar existen otras \u00f3rdenes de aprehensi\u00f3n, pero apunt\u00f3 que si el pueblo se vuelve a organizar van a evitar que se cometen violaciones.<\/p>\n\n\n\n<p>Por su parte, integrantes de la APIIDTT se\u00f1alaron que la detenci\u00f3n de David Hern\u00e1ndez fue un acto de acoso y hostigamiento por parte del gobierno de Oaxaca a cargo de Salom\u00f3n Jara, quien ahora defiende el proyecto del Corredor Interoce\u00e1nico del Istmo de Tehuantepec (CIIT).<\/p>\n\n\n\n<p>Los delitos que le imputaron, dijeron, son del fuero com\u00fan y el caso pudo haber sido atendido en Tehuantepec, sin embargo, lo trasladaron al Centro de Reclusi\u00f3n de Tanivet, en los Valles Centrales, adem\u00e1s, de mantener su aprehensi\u00f3n oculta por m\u00e1s de tres horas, lo que levant\u00f3 la sospecha de una desaparici\u00f3n forzada.&nbsp;<\/p>\n\n\n\n<p>David Hern\u00e1ndez fue detenido ayer alrededor de las 8:00 horas previo a su ingreso laboral como intendente en la escuela primaria \u201cPatria\u201d ubicada en Tehuantepec, tras esto, la organizaci\u00f3n inici\u00f3 un bloqueo en la carretera Tehuantepec-Juchit\u00e1n por m\u00e1s de 12 horas, que incluy\u00f3 el incendio de un veh\u00edculo y la retenci\u00f3n de una treintena de turistas franceses.<\/p>\n","protected":false},"excerpt":{"rendered":"<p>Yuridiana Sosa\/Zona Roja. Oaxaca de Ju\u00e1rez, Oax., 18 de enero de 2023.- El agente municipal&hellip;<\/p>\n","protected":false},"author":2,"featured_media":50623,"comment_status":"closed","ping_status":"open","sticky":false,"template":"","format":"standard","meta":{"_lmt_disableupdate":"","_lmt_disable":"","_jetpack_memberships_contains_paid_content":false,"footnotes":""},"categories":[109,47],"tags":[],"class_list":["post-50617","post","type-post","status-publish","format-standard","has-post-thumbnail","hentry","category-minuto-a-minuto","category-zona-gris"],"jetpack_featured_media_url":"https:\/\/zonaroja.com.mx\/wp-content\/uploads\/2023\/01\/img_7392.jpg","jetpack_sharing_enabled":true,"_links":{"self":[{"href":"https:\/\/zonaroja.com.mx\/index.php?rest_route=\/wp\/v2\/posts\/50617","targetHints":{"allow":["GET"]}}],"collection":[{"href":"https:\/\/zonaroja.com.mx\/index.php?rest_route=\/wp\/v2\/posts"}],"about":[{"href":"https:\/\/zonaroja.com.mx\/index.php?rest_route=\/wp\/v2\/types\/post"}],"author":[{"embeddable":true,"href":"https:\/\/zonaroja.com.mx\/index.php?rest_route=\/wp\/v2\/users\/2"}],"replies":[{"embeddable":true,"href":"https:\/\/zonaroja.com.mx\/index.php?rest_route=%2Fwp%2Fv2%2Fcomments&post=50617"}],"version-history":[{"count":2,"href":"https:\/\/zonaroja.com.mx\/index.php?rest_route=\/wp\/v2\/posts\/50617\/revisions"}],"predecessor-version":[{"id":50624,"href":"https:\/\/zonaroja.com.mx\/index.php?rest_route=\/wp\/v2\/posts\/50617\/revisions\/50624"}],"wp:featuredmedia":[{"embeddable":true,"href":"https:\/\/zonaroja.com.mx\/index.php?rest_route=\/wp\/v2\/media\/50623"}],"wp:attachment":[{"href":"https:\/\/zonaroja.com.mx\/index.php?rest_route=%2Fwp%2Fv2%2Fmedia&parent=50617"}],"wp:term":[{"taxonomy":"category","embeddable":true,"href":"https:\/\/zonaroja.com.mx\/index.php?rest_route=%2Fwp%2Fv2%2Fcategories&post=50617"},{"taxonomy":"post_tag","embeddable":true,"href":"https:\/\/zonaroja.com.mx\/index.php?rest_route=%2Fwp%2Fv2%2Ftags&post=50617"}],"curies":[{"name":"wp","href":"https:\/\/api.w.org\/{rel}","templated":true}]}}