{"id":50619,"date":"2023-01-18T16:25:00","date_gmt":"2023-01-18T22:25:00","guid":{"rendered":"http:\/\/www.zonaroja.com.mx\/?p=50619"},"modified":"2023-01-18T18:09:23","modified_gmt":"2023-01-19T00:09:23","slug":"pend2-8","status":"publish","type":"post","link":"https:\/\/zonaroja.com.mx\/?p=50619","title":{"rendered":"Ante probable negligencia m\u00e9dica, apoya Secci\u00f3n 22 a familia de Texmelucan"},"content":{"rendered":"\n<p>Yuridiana Sosa\/Zona Roja.<\/p>\n\n\n\n<p>Oaxaca de Ju\u00e1rez, Oax., 18 de enero de 2023.- Para esclarecer la presunta negligencia m\u00e9dica por la muerte de dos menores, tras la mordedura de murci\u00e9lago en la Sierra Sur de Oaxaca, la Secci\u00f3n 22 del SNTE dar\u00e1 acompa\u00f1amiento legal a los padres de las v\u00edctimas.<\/p>\n\n\n\n<p>As\u00ed lo dio a conocer la gremial este d\u00eda en conferencia de prensa, en la que estuvieron presentes los padres de los menores atacados el 1 de diciembre en la localidad de Palo de Lima de San Lorenzo Texmelucan; esto a menos de dos semanas del segundo fallecimiento y a poco menos de un mes del primero.<\/p>\n\n\n\n<p>La Secci\u00f3n 22 del Sindicato Nacional de Trabajadores de la Educaci\u00f3n se\u00f1al\u00f3 que se ratificaron, con presencia de los padres, los expedientes que por oficio hab\u00eda iniciado la Defensor\u00eda de los Derechos Humanos del Pueblo de Oaxaca (DDHPO) y la Comisi\u00f3n Estatal de Arbitraje M\u00e9dico de Oaxaca (Ceamo).<\/p>\n\n\n\n<p>Ambas denuncias son por la violaci\u00f3n a los derechos humanos por parte de los Servicios de Salud de Oaxaca, pues de acuerdo a informaci\u00f3n revelada con anterioridad, los menores recibieron una mala atenci\u00f3n m\u00e9dica y fue hasta 20 d\u00edas despu\u00e9s de la mordedura que fueron trasladados al Hospital Civil \u201cDr. Aurelio Valdivieso\u201d.&nbsp;<\/p>\n\n\n\n<p>Profesores de la gremial, de la zona donde se suscit\u00f3 el incidente, apuntaron que tuvieron conocimiento del caso hasta el 17 de diciembre y a partir de ah\u00ed ofrecieron ayuda a la familia, entre la que se incluye el apoyo econ\u00f3mico.&nbsp;<\/p>\n\n\n\n<p>La gremial se reserv\u00f3 los detalles de las indagatorias que la parte legal realiza para esclarecer el caso, al igual que los padres de la ni\u00f1a y el ni\u00f1o fallecido se reservaron el derecho de emitir alguna postura sobre los hechos.<\/p>\n\n\n\n<p>ANTECEDENTES<\/p>\n\n\n\n<p>Aunque no existe una determinaci\u00f3n sobre los hechos, el gobernador de Oaxaca, Salom\u00f3n Jara Cruz se\u00f1al\u00f3 el pasado 12 de enero que s\u00ed se trat\u00f3 de una negligencia m\u00e9dica.&nbsp;<\/p>\n\n\n\n<p>Ocurri\u00f3 durante el programa televisivo \u201cJueves de Gozona\u201d, que a pregunta del reportero \u00d3scar Rodr\u00edguez, sobre si los fallecimientos se registraron por la falta de atenci\u00f3n m\u00e9dica inmediata.&nbsp;<\/p>\n\n\n\n<p>El gobernador respondi\u00f3: \u201cS\u00ed, falt\u00f3 la atenci\u00f3n, falt\u00f3 la atenci\u00f3n, estoy ya revisando qu\u00e9 ocurri\u00f3 porque tenemos que estar atentos para que no vuelvan a ocurrir estos hechos\u201d.<\/p>\n\n\n\n<p>De acuerdo a la denuncia del caso, el 1 de diciembre el murci\u00e9lago ingres\u00f3 a la vivienda de la familia afectada mientras dorm\u00eda, logrando morder a tres menores de edad.&nbsp;<\/p>\n\n\n\n<p>Pero la atenci\u00f3n m\u00e9dica por parte de los SSO fue deficiente desde el primer momento, pues en esa comunidad el centro de salud no cuenta con medicinas ni m\u00e9dico; de ah\u00ed se trasladaron al Hospital de la Paz, ubicado entre Texmelucan y Santo Domingo Teojomulco.<\/p>\n\n\n\n<p> Ante las deficiencias en dicho espacio, una semana despu\u00e9s fueron trasladados los tres menores al hospital de los Servicios de Salud de Oaxaca ubicado en San Pablo Huixtepec, en la regi\u00f3n Valles Centrales y fue hasta el 20 de diciembre, cuando dos de los ni\u00f1os presentaban muerte cerebral, que fueron remitidos al Hospital Civil \u201cDr. Aurelio Valdivieso\u201d en la capital, donde posteriormente , el 28 de diciembre y 7 de enero,  fallecieron.<\/p>\n\n\n\n<figure class=\"wp-block-embed\"><div class=\"wp-block-embed__wrapper\">\n<div class=\"twitter-tweet\"><blockquote class=\"twitter-tweet\" data-lang=\"es\"><p lang=\"es\" dir=\"ltr\"><a href=\"https:\/\/twitter.com\/hashtag\/%C3%9AltimoMinuto?src=hash&amp;ref_src=twsrc%5Etfw\">#\u00daltimoMinuto<\/a><br>En conferencia de prensa, la Secci\u00f3n 22 del SNTE anunci\u00f3 que dar\u00e1 acompa\u00f1amiento legal a los padres de los menores de San Lorenzo Texmelucan que murieron por mordedura de murci\u00e9lagos, en las investigaciones ante la <a href=\"https:\/\/twitter.com\/CEAMOOax?ref_src=twsrc%5Etfw\">@CEAMOOax<\/a> y la <a href=\"https:\/\/twitter.com\/DDHPO?ref_src=twsrc%5Etfw\">@DDHPO<\/a>. <a href=\"https:\/\/t.co\/OEUh2clAzM\">pic.twitter.com\/OEUh2clAzM<\/a><\/p>&mdash; Zona Roja Oaxaca (@ZonaRoja_Oaxaca) <a href=\"https:\/\/twitter.com\/ZonaRoja_Oaxaca\/status\/1615841577888546816?ref_src=twsrc%5Etfw\">18 de enero de 2023<\/a><\/blockquote><\/div>\n<\/div><\/figure>\n","protected":false},"excerpt":{"rendered":"<p>Yuridiana Sosa\/Zona Roja. Oaxaca de Ju\u00e1rez, Oax., 18 de enero de 2023.- Para esclarecer la&hellip;<\/p>\n","protected":false},"author":2,"featured_media":50625,"comment_status":"closed","ping_status":"open","sticky":false,"template":"","format":"standard","meta":{"_lmt_disableupdate":"","_lmt_disable":"","_jetpack_memberships_contains_paid_content":false,"footnotes":""},"categories":[109,47],"tags":[],"class_list":["post-50619","post","type-post","status-publish","format-standard","has-post-thumbnail","hentry","category-minuto-a-minuto","category-zona-gris"],"jetpack_featured_media_url":"https:\/\/zonaroja.com.mx\/wp-content\/uploads\/2023\/01\/4cb7a7ed-604b-4ea8-8531-8cfb8bcd4727.jpg","jetpack_sharing_enabled":true,"_links":{"self":[{"href":"https:\/\/zonaroja.com.mx\/index.php?rest_route=\/wp\/v2\/posts\/50619","targetHints":{"allow":["GET"]}}],"collection":[{"href":"https:\/\/zonaroja.com.mx\/index.php?rest_route=\/wp\/v2\/posts"}],"about":[{"href":"https:\/\/zonaroja.com.mx\/index.php?rest_route=\/wp\/v2\/types\/post"}],"author":[{"embeddable":true,"href":"https:\/\/zonaroja.com.mx\/index.php?rest_route=\/wp\/v2\/users\/2"}],"replies":[{"embeddable":true,"href":"https:\/\/zonaroja.com.mx\/index.php?rest_route=%2Fwp%2Fv2%2Fcomments&post=50619"}],"version-history":[{"count":2,"href":"https:\/\/zonaroja.com.mx\/index.php?rest_route=\/wp\/v2\/posts\/50619\/revisions"}],"predecessor-version":[{"id":50626,"href":"https:\/\/zonaroja.com.mx\/index.php?rest_route=\/wp\/v2\/posts\/50619\/revisions\/50626"}],"wp:featuredmedia":[{"embeddable":true,"href":"https:\/\/zonaroja.com.mx\/index.php?rest_route=\/wp\/v2\/media\/50625"}],"wp:attachment":[{"href":"https:\/\/zonaroja.com.mx\/index.php?rest_route=%2Fwp%2Fv2%2Fmedia&parent=50619"}],"wp:term":[{"taxonomy":"category","embeddable":true,"href":"https:\/\/zonaroja.com.mx\/index.php?rest_route=%2Fwp%2Fv2%2Fcategories&post=50619"},{"taxonomy":"post_tag","embeddable":true,"href":"https:\/\/zonaroja.com.mx\/index.php?rest_route=%2Fwp%2Fv2%2Ftags&post=50619"}],"curies":[{"name":"wp","href":"https:\/\/api.w.org\/{rel}","templated":true}]}}