{"id":5063,"date":"2019-10-23T09:27:30","date_gmt":"2019-10-23T14:27:30","guid":{"rendered":"http:\/\/www.zonaroja.com.mx\/?p=5063"},"modified":"2019-10-23T09:27:33","modified_gmt":"2019-10-23T14:27:33","slug":"yo-no-estaba-informado-del-operativo-en-culiacan-amlo","status":"publish","type":"post","link":"https:\/\/zonaroja.com.mx\/?p=5063","title":{"rendered":"\u201cYo no estaba informado del operativo en Culiac\u00e1n\u201d: AMLO"},"content":{"rendered":"\n<p>Redacci\u00f3n\/Zona Roja Cdmx.<\/p>\n\n\n\n<p>Ciudad de M\u00e9xico, 23 de octubre de 2019.-\nEl operativo de la Secretar\u00eda de la Defensa Nacional (Sedena) para aprehender a\nOvidio Guzm\u00e1n L\u00f3pez en Culiac\u00e1n, Sinaloa, no fue notificado previamente al\npresidente Andr\u00e9s Manuel L\u00f3pez Obrador. <\/p>\n\n\n\n<p>\u201cYo no estaba informado, no me informan\nporque hay una recomendaci\u00f3n general que se aplica, le tengo mucha confianza al\nsecretario de la Defensa. Fue hasta que se desat\u00f3 el conflicto cuando intervino\nel mandatario instando al gabinete de seguridad a adoptar una decisi\u00f3n que \u00e9l\naval\u00f3\u201d, dijo.<\/p>\n\n\n\n<p>El diario \u201cLa Jornada\u201d expuso que al\nofrecer detalles de esta acci\u00f3n, L\u00f3pez Obrador se\u00f1al\u00f3 que estuvo a cargo de un\ngrupo de investigaci\u00f3n de la Sedena que viene haciendo estos operativos de tiempo\natr\u00e1s. <\/p>\n\n\n\n<p>Lo que recomiendo es cuidar las vidas,\nque no se violen derechos humanos, pero les dir\u00eda que es de rutina el que si\nhay \u00f3rdenes de aprehensi\u00f3n, de presentaci\u00f3n, de extradici\u00f3n, se aplique. Es\ncomo cuando me presentan denuncias sobre presuntos casos de corrupci\u00f3n, ya\nsaben que en autom\u00e1tico debe procederse.<\/p>\n\n\n\n<p>Calific\u00f3 de fascistoides a quienes\ncuestionan la determinaci\u00f3n de detener esa operaci\u00f3n, lo cual, dijo, reafirm\u00f3\nla vocaci\u00f3n pacifista de su gobierno. Una masacre ordenada por el Presidente es\nuna mancha que no se quita ni con toda el agua de los oc\u00e9anos. Que digan que\n(nos) faltaron pantalones, que nos humillaron, que se debilit\u00f3 el gobierno; eso\nno es nada ante un se\u00f1alamiento de ordenar un exterminio.<\/p>\n\n\n\n<p>Por otro lado, el titular de la Unidad de\nInteligencia Financiera (UIF) de la Secretar\u00eda de Hacienda, Santiago Nieto,\ninform\u00f3 que se cre\u00f3 un grupo de trabajo coordinado por la canciller\u00eda con el\nfin de abordar temas relacionados con lavado de dinero y delitos financieros\ninternacionales que trabaja conjuntamente con el gobierno de Estados Unidos\npara la localizaci\u00f3n de los bienes de Joaqu\u00edn Guzm\u00e1n Loera, El Chapo, con el\nprop\u00f3sito de determinar lo conducente en la distribuci\u00f3n de lo incautado.<\/p>\n\n\n\n<p>\u2013\u00bfQu\u00e9 acciones va a tomar para que no\nvuelva a suceder (un operativo fallido)? se le pregunt\u00f3 en conferencia de\nprensa al Presidente.<\/p>\n\n\n\n<p>\u2013Se aprende, sobre todo en las crisis.\nEst\u00e1n haciendo una revisi\u00f3n; yo lo ped\u00ed, que se hiciera una evaluaci\u00f3n sobre la\nforma en que se llev\u00f3 a cabo este operativo. Me interesa que no nos salgamos\ndel prop\u00f3sito de evitar p\u00e9rdidas de vidas humanas, derramamiento de sangre de\nnadie. Nos duele tambi\u00e9n la p\u00e9rdida de la vida de un presunto delincuente, no\nsomos ajenos al dolor que produce el fallecimiento de cualquier persona.<\/p>\n\n\n\n<p>L\u00f3pez Obrador sostuvo que la finalidad\nes reducir la incidencia delictiva, los homicidios, secuestros y robos, porque\nantes lo principal era la aprehensi\u00f3n de un personaje famoso; lo cual no quiere\ndecir que eso no se vaya a hacer, pero no es lo fundamental.<\/p>\n\n\n\n<p>Esta vez, sin mediar pregunta, el jefe\ndel Ejecutivo federal retom\u00f3 el caso Culiac\u00e1n para abundar en la dualidad entre\nlas estrategias que apostaban por la guerra y la actual: Yo no s\u00e9 c\u00f3mo pueden\ndormir quienes piensan o les toc\u00f3 actuar de esa manera. Con altas dosis de\nTafil o de otro tipo de relajantes, porque eso es muy fuerte. Dijimos con mucha\nclaridad que no \u00edbamos a continuar con esa estrategia.<\/p>\n\n\n\n<p>Asimismo, L\u00f3pez Obrador se refiri\u00f3 al\nsupuesto de que se hubiera continuado con el operativo que produjera una\nmasacre y que la oposici\u00f3n articulara un movimiento para hacerlo dimitir: Pues\nme voy, s\u00ed, pero \u00bfc\u00f3mo me voy? No derrotado porque dej\u00e9 de ser Presidente, sino\nderrotado moralmente por haber dado una orden equivocada. Eso es lo que m\u00e1s\nimporta en la vida, no el cargo.<\/p>\n\n\n\n<p>Sin embargo, desestim\u00f3 que hubiera\nincurrido en alg\u00fan delito y, en su caso, reiter\u00f3, comparecer\u00eda (ante la\nautoridad) porque cualquier ciudadano tiene el derecho a la defensa.<\/p>\n","protected":false},"excerpt":{"rendered":"<p>Redacci\u00f3n\/Zona Roja Cdmx. Ciudad de M\u00e9xico, 23 de octubre de 2019.- El operativo de la&hellip;<\/p>\n","protected":false},"author":2,"featured_media":5064,"comment_status":"closed","ping_status":"open","sticky":false,"template":"","format":"standard","meta":{"_lmt_disableupdate":"","_lmt_disable":"","_jetpack_memberships_contains_paid_content":false,"footnotes":""},"categories":[109,47],"tags":[135,136],"class_list":["post-5063","post","type-post","status-publish","format-standard","has-post-thumbnail","hentry","category-minuto-a-minuto","category-zona-gris","tag-culiacan","tag-sinaloa"],"jetpack_featured_media_url":"https:\/\/zonaroja.com.mx\/wp-content\/uploads\/2019\/10\/amlo.jpg","jetpack_sharing_enabled":true,"_links":{"self":[{"href":"https:\/\/zonaroja.com.mx\/index.php?rest_route=\/wp\/v2\/posts\/5063","targetHints":{"allow":["GET"]}}],"collection":[{"href":"https:\/\/zonaroja.com.mx\/index.php?rest_route=\/wp\/v2\/posts"}],"about":[{"href":"https:\/\/zonaroja.com.mx\/index.php?rest_route=\/wp\/v2\/types\/post"}],"author":[{"embeddable":true,"href":"https:\/\/zonaroja.com.mx\/index.php?rest_route=\/wp\/v2\/users\/2"}],"replies":[{"embeddable":true,"href":"https:\/\/zonaroja.com.mx\/index.php?rest_route=%2Fwp%2Fv2%2Fcomments&post=5063"}],"version-history":[{"count":1,"href":"https:\/\/zonaroja.com.mx\/index.php?rest_route=\/wp\/v2\/posts\/5063\/revisions"}],"predecessor-version":[{"id":5065,"href":"https:\/\/zonaroja.com.mx\/index.php?rest_route=\/wp\/v2\/posts\/5063\/revisions\/5065"}],"wp:featuredmedia":[{"embeddable":true,"href":"https:\/\/zonaroja.com.mx\/index.php?rest_route=\/wp\/v2\/media\/5064"}],"wp:attachment":[{"href":"https:\/\/zonaroja.com.mx\/index.php?rest_route=%2Fwp%2Fv2%2Fmedia&parent=5063"}],"wp:term":[{"taxonomy":"category","embeddable":true,"href":"https:\/\/zonaroja.com.mx\/index.php?rest_route=%2Fwp%2Fv2%2Fcategories&post=5063"},{"taxonomy":"post_tag","embeddable":true,"href":"https:\/\/zonaroja.com.mx\/index.php?rest_route=%2Fwp%2Fv2%2Ftags&post=5063"}],"curies":[{"name":"wp","href":"https:\/\/api.w.org\/{rel}","templated":true}]}}