{"id":50630,"date":"2023-01-18T21:41:29","date_gmt":"2023-01-19T03:41:29","guid":{"rendered":"http:\/\/www.zonaroja.com.mx\/?p=50630"},"modified":"2023-01-18T21:41:32","modified_gmt":"2023-01-19T03:41:32","slug":"miercoles-rojo-hallan-osamenta-en-zimatlan-y-cuerpo-putrefacto-en-ixtaltepec","status":"publish","type":"post","link":"https:\/\/zonaroja.com.mx\/?p=50630","title":{"rendered":"Mi\u00e9rcoles rojo: hallan osamenta en Zimatl\u00e1n y cuerpo putrefacto en Ixtaltepec"},"content":{"rendered":"\n<p>Redacci\u00f3n\/Zona Roja.<\/p>\n\n\n\n<p>Oaxaca de Ju\u00e1rez, Oax., a 18 de enero de 2023.- Un cr\u00e1neo y otros restos \u00f3seos humanos fueron localizados este mi\u00e9rcoles por la tarde en jurisdicci\u00f3n de Zimatl\u00e1n de \u00c1lvarez.<\/p>\n\n\n\n<p>El hallazgo ocurri\u00f3 alrededor de las 15:30 horas en el puente \u201cReforma\u201d, ubicado en el kil\u00f3metro 8+900 de la carretera federal 131, Oaxaca-Puerto Escondido.<\/p>\n\n\n\n<p>Personal de la Fiscal\u00eda General del Estado de Oaxaca inici\u00f3 las labores de levantamiento de los restos humanos y de algunas ropas; fueron trasladados al Instituto de Servicios Periciales, con la finalidad de realizar las indagatorias correspondientes.<\/p>\n\n\n\n<p>Mientras que en Asunci\u00f3n Ixtaltepec, municipio de la regi\u00f3n del Istmo, fue hallado un cuerpo en avanzado estado de descomposici\u00f3n.<\/p>\n\n\n\n<p>Ocurri\u00f3 en inmediaciones de un rancho y hasta ahora permanece sin ser identificado, informaron fuentes de la Vicefiscal\u00eda Regional del Istmo.<\/p>\n","protected":false},"excerpt":{"rendered":"<p>Redacci\u00f3n\/Zona Roja. Oaxaca de Ju\u00e1rez, Oax., a 18 de enero de 2023.- Un cr\u00e1neo y&hellip;<\/p>\n","protected":false},"author":2,"featured_media":50631,"comment_status":"closed","ping_status":"open","sticky":false,"template":"","format":"standard","meta":{"_lmt_disableupdate":"","_lmt_disable":"","_jetpack_memberships_contains_paid_content":false,"footnotes":""},"categories":[109,47],"tags":[802],"class_list":["post-50630","post","type-post","status-publish","format-standard","has-post-thumbnail","hentry","category-minuto-a-minuto","category-zona-gris","tag-zimatlan-de-alvarez"],"jetpack_featured_media_url":"https:\/\/zonaroja.com.mx\/wp-content\/uploads\/2023\/01\/Restos-oseos-Zimatlan.jpg","jetpack_sharing_enabled":true,"_links":{"self":[{"href":"https:\/\/zonaroja.com.mx\/index.php?rest_route=\/wp\/v2\/posts\/50630","targetHints":{"allow":["GET"]}}],"collection":[{"href":"https:\/\/zonaroja.com.mx\/index.php?rest_route=\/wp\/v2\/posts"}],"about":[{"href":"https:\/\/zonaroja.com.mx\/index.php?rest_route=\/wp\/v2\/types\/post"}],"author":[{"embeddable":true,"href":"https:\/\/zonaroja.com.mx\/index.php?rest_route=\/wp\/v2\/users\/2"}],"replies":[{"embeddable":true,"href":"https:\/\/zonaroja.com.mx\/index.php?rest_route=%2Fwp%2Fv2%2Fcomments&post=50630"}],"version-history":[{"count":1,"href":"https:\/\/zonaroja.com.mx\/index.php?rest_route=\/wp\/v2\/posts\/50630\/revisions"}],"predecessor-version":[{"id":50632,"href":"https:\/\/zonaroja.com.mx\/index.php?rest_route=\/wp\/v2\/posts\/50630\/revisions\/50632"}],"wp:featuredmedia":[{"embeddable":true,"href":"https:\/\/zonaroja.com.mx\/index.php?rest_route=\/wp\/v2\/media\/50631"}],"wp:attachment":[{"href":"https:\/\/zonaroja.com.mx\/index.php?rest_route=%2Fwp%2Fv2%2Fmedia&parent=50630"}],"wp:term":[{"taxonomy":"category","embeddable":true,"href":"https:\/\/zonaroja.com.mx\/index.php?rest_route=%2Fwp%2Fv2%2Fcategories&post=50630"},{"taxonomy":"post_tag","embeddable":true,"href":"https:\/\/zonaroja.com.mx\/index.php?rest_route=%2Fwp%2Fv2%2Ftags&post=50630"}],"curies":[{"name":"wp","href":"https:\/\/api.w.org\/{rel}","templated":true}]}}