{"id":50636,"date":"2023-01-19T10:30:00","date_gmt":"2023-01-19T16:30:00","guid":{"rendered":"http:\/\/www.zonaroja.com.mx\/?p=50636"},"modified":"2023-01-19T06:42:00","modified_gmt":"2023-01-19T12:42:00","slug":"juez-otorga-a-ovidio-guzman-nueva-suspension-contra-extradicion","status":"publish","type":"post","link":"https:\/\/zonaroja.com.mx\/?p=50636","title":{"rendered":"Juez otorga a Ovidio Guzm\u00e1n nueva suspensi\u00f3n contra extradici\u00f3n"},"content":{"rendered":"\n<p>Redacci\u00f3n\/Zona Roja Cdmx.<\/p>\n\n\n\n<p>Ciudad de M\u00e9xico, a 19 de enero de 2023.- Un juez federal concedi\u00f3 por segunda vez un amparo para frenar moment\u00e1neamente la orden de extradici\u00f3n contra Ovidio Guzm\u00e1n, hijo de Joaqu\u00edn \u201cEl Chapo\u201d Guzm\u00e1n, exl\u00edder del c\u00e1rtel de Sinaloa.<\/p>\n\n\n\n<p>La resoluci\u00f3n del juez Alfonso Alexander L\u00f3pez Moreno se da luego de que su colega radicado en el juzgado Sexto de Distrito en Materia de Amparo de la Ciudad de M\u00e9xico se declar\u00f3 incompetente el 13 de enero pasado para emitir un fallo.<\/p>\n\n\n\n<p>Este argument\u00f3 que, dado que Ovidio Guzm\u00e1n se encuentra recluido en el penal federal del \u201cAltiplano\u201d, ubicado en Almoloya de Ju\u00e1rez, Estado de M\u00e9xico, deb\u00eda ser un juez de esa entidad el encargado para resolver el asunto, por lo que envi\u00f3 la petici\u00f3n al circuito mexiquense.<\/p>\n\n\n\n<p>De esta manera fue que el recurso qued\u00f3 en manos del juez L\u00f3pez Moreno, quien admiti\u00f3 tener la competencia.<\/p>\n\n\n\n<p>En el mismo expediente, el juez federal otorg\u00f3 de nueva cuenta a \u201cEl Rat\u00f3n\u201d la suspensi\u00f3n provisional contra la orden de extradici\u00f3n que gira en su contra, emitida desde septiembre de 2019 por el gobierno de Estados Unidos y por la cual fue detenido el pasado 5 de enero.<\/p>\n\n\n\n<p>\u201cSe concede dicha medida cautelar, para el efecto de que el directo quejoso (Ovidio Guzm\u00e1n) no sea extraditado y quede a disposici\u00f3n de este \u00f3rgano jurisdiccional de amparo, en lo que corresponde a su libertad personal, en el lugar en que se encuentra recluido (el Altiplano) y a disposici\u00f3n del juez responsable, sin perjuicio de que contin\u00fae el procedimiento de extradici\u00f3n que se le instruye; lo anterior, hasta en tanto no se dicte la suspensi\u00f3n definitiva\u201d, expuso el juzgador.<\/p>\n\n\n\n<p>La primera suspensi\u00f3n otorgada al l\u00edder de \u201cLos Chapitos\u201d fue al d\u00eda siguiente de su detenci\u00f3n en la comunidad de Jes\u00fas Mar\u00eda, en Culiac\u00e1n, Sinaloa. En dicho recurso, Ovidio Guzm\u00e1n tambi\u00e9n hab\u00eda obtenido la suspensi\u00f3n contra actos de tortura e incomunicaci\u00f3n por parte de las autoridades.<\/p>\n\n\n\n<p>(Informaci\u00f3n de \u201cEl Sol de M\u00e9xico\u201d)<\/p>\n","protected":false},"excerpt":{"rendered":"<p>Redacci\u00f3n\/Zona Roja Cdmx. Ciudad de M\u00e9xico, a 19 de enero de 2023.- Un juez federal&hellip;<\/p>\n","protected":false},"author":2,"featured_media":50160,"comment_status":"closed","ping_status":"open","sticky":false,"template":"","format":"standard","meta":{"_lmt_disableupdate":"","_lmt_disable":"","_jetpack_memberships_contains_paid_content":false,"footnotes":""},"categories":[109,47],"tags":[887],"class_list":["post-50636","post","type-post","status-publish","format-standard","has-post-thumbnail","hentry","category-minuto-a-minuto","category-zona-gris","tag-ovidio-guzman-lopez"],"jetpack_featured_media_url":"https:\/\/zonaroja.com.mx\/wp-content\/uploads\/2023\/01\/Ovidio-Guzman.jpeg","jetpack_sharing_enabled":true,"_links":{"self":[{"href":"https:\/\/zonaroja.com.mx\/index.php?rest_route=\/wp\/v2\/posts\/50636","targetHints":{"allow":["GET"]}}],"collection":[{"href":"https:\/\/zonaroja.com.mx\/index.php?rest_route=\/wp\/v2\/posts"}],"about":[{"href":"https:\/\/zonaroja.com.mx\/index.php?rest_route=\/wp\/v2\/types\/post"}],"author":[{"embeddable":true,"href":"https:\/\/zonaroja.com.mx\/index.php?rest_route=\/wp\/v2\/users\/2"}],"replies":[{"embeddable":true,"href":"https:\/\/zonaroja.com.mx\/index.php?rest_route=%2Fwp%2Fv2%2Fcomments&post=50636"}],"version-history":[{"count":1,"href":"https:\/\/zonaroja.com.mx\/index.php?rest_route=\/wp\/v2\/posts\/50636\/revisions"}],"predecessor-version":[{"id":50637,"href":"https:\/\/zonaroja.com.mx\/index.php?rest_route=\/wp\/v2\/posts\/50636\/revisions\/50637"}],"wp:featuredmedia":[{"embeddable":true,"href":"https:\/\/zonaroja.com.mx\/index.php?rest_route=\/wp\/v2\/media\/50160"}],"wp:attachment":[{"href":"https:\/\/zonaroja.com.mx\/index.php?rest_route=%2Fwp%2Fv2%2Fmedia&parent=50636"}],"wp:term":[{"taxonomy":"category","embeddable":true,"href":"https:\/\/zonaroja.com.mx\/index.php?rest_route=%2Fwp%2Fv2%2Fcategories&post=50636"},{"taxonomy":"post_tag","embeddable":true,"href":"https:\/\/zonaroja.com.mx\/index.php?rest_route=%2Fwp%2Fv2%2Ftags&post=50636"}],"curies":[{"name":"wp","href":"https:\/\/api.w.org\/{rel}","templated":true}]}}