{"id":50640,"date":"2023-01-19T09:30:00","date_gmt":"2023-01-19T15:30:00","guid":{"rendered":"http:\/\/www.zonaroja.com.mx\/?p=50640"},"modified":"2023-01-19T06:41:05","modified_gmt":"2023-01-19T12:41:05","slug":"el-inah-rescato-en-oaxaca-tumbas-zapotecas-de-mas-de-mil-800-anos-de-antiguedad","status":"publish","type":"post","link":"https:\/\/zonaroja.com.mx\/?p=50640","title":{"rendered":"El INAH rescat\u00f3 en Oaxaca tumbas zapotecas de m\u00e1s de mil 800 a\u00f1os de antig\u00fcedad"},"content":{"rendered":"\n<p>Redacci\u00f3n\/Zona Roja Cdmx.<\/p>\n\n\n\n<p>Ciudad de M\u00e9xico, a 19 de enero de 2023.- La Secretar\u00eda de Cultura del Gobierno de M\u00e9xico realiz\u00f3 un proyecto de rescate, investigaci\u00f3n y conservaci\u00f3n de tumbas zapotecas localizadas en uno de los m\u00e1s grandes asentamientos prehisp\u00e1nicos de la Sierra Ju\u00e1rez, San Pedro Nexicho.&nbsp;<\/p>\n\n\n\n<p>Esto en colaboraci\u00f3n con el Instituto Nacional de Antropolog\u00eda e Historia (INAH) y con el apoyo econ\u00f3mico de la Fundaci\u00f3n Alfredo Harp Hel\u00fa (FAHHO).<\/p>\n\n\n\n<p>Luego de una alerta por parte de la FAHHO sobre actividad irregular dentro de las tumbas, la directora del Proyecto Conjunto Monumental de Atzompa, Nelly Robles Garc\u00eda, envi\u00f3 a una comisi\u00f3n de profesionales de las secciones de Arqueolog\u00eda, Monumentos Hist\u00f3ricos y Conservaci\u00f3n para poner en valor cuatro tumbas de planta rectangular y una cruciforme que se encontraban en mal estado, colocando cubiertas y accesos nuevos.<\/p>\n\n\n\n<p>La tumba 1, descubierta en 2010 por un vecino de la zona, fue saqueada, seg\u00fan detall\u00f3 el INAH, aunque lograron recuperar materiales que formaban parte de la parafernalia funeraria, como una peque\u00f1a cuenta de oro y espl\u00e9ndidos murales. Se requiri\u00f3 de la rehabilitaci\u00f3n de la estructura arquitect\u00f3nica y restituir la pintura mural del piso.<\/p>\n\n\n\n<p>La Tumba 1 es la de mayor dimensi\u00f3n, de planta cruciforme y se localiz\u00f3 en una terraza habitacional, adem\u00e1s cuenta con un peque\u00f1o sistema escalonado, en modo de rampa, el cual conduce a la entrada, ubicada en la parte m\u00e1s corta de la cruz, siendo esta la entrada a la antec\u00e1mara con cuatro metros de ancho por uno de largo; lo que contin\u00faa a la c\u00e1mara principal que tiene con dos metros de largo y 1.4 de ancho.<\/p>\n\n\n\n<p>Las tumbas de San Pedro Nexicho tuvieron su ocupaci\u00f3n entre los periodos Cl\u00e1sico y Poscl\u00e1sico Temprano y Tard\u00edo, del 200 d.C a 1100-1500 d.C.. El periodo de ocupaci\u00f3n dar\u00e1 las claves de la tem\u00e1tica de las tumbas de \u00e9lite para ser agregadas al mapa junto con las halladas en Monte Alb\u00e1n, Atzompa y Suchiquiltongo, en el Valle de Oaxaca, de acuerdo con declaraciones de Nelly Robles.<\/p>\n\n\n\n<p>Dentro de las tumbas 1, 3 y 4, el INAH rescat\u00f3 poco materiales, como fueron miniaturas de cer\u00e1mica local, concha y piedra verde for\u00e1neas, mientras que en las criptas 2 y 5, el contexto funerario se localiz\u00f3 intacto, incluido material osteol\u00f3gico que proporcionar\u00e1 informaci\u00f3n sobre sus antiguos habitantes, pese al mal estado en el que se encontraba por la humedad filtrada en los \u00faltimos cinco siglos.<\/p>\n\n\n\n<p>Se detall\u00f3 que la tumba 2 fue usada como osario, en donde lograron localizar 240 objetos completos y semicompletos, entre los que se encuentran estucos con escritura zapoteca y esculturas esgrafiadas que revelan un estilo serrano. Garc\u00eda Robles agreg\u00f3 que en la cripta 3 fue hallado un peque\u00f1o trozo textil que revel\u00f3 que una persona fue amortajada y depositada en el interior, esto durante el periodo colonial.<\/p>\n\n\n\n<p>Pese a que en todos los muros hay pinturas con un estilo de c\u00f3dice, el INAH destac\u00f3 las escenas de guerra encontradas en la c\u00e1mara principal de la Tumba 1, en la que se localizan varios personajes vestidos de una manera poco com\u00fan, pintados con l\u00edneas negras, con fondo rojo intenso y elementos en amarillo, que debido a su calidad, iconograf\u00eda y colorido, son consideradas de alto valor cultural.<\/p>\n\n\n\n<p>La directora del proyecto, Nelly Garcia Robles agradeci\u00f3 a la FAHHO por el apoyo que le brindaron, as\u00ed como las facilidades otorgadas por el Museo Comunitario de San Pedro Nexicho y a las autoridades locales, para poder llevar a cabo los trabajos de rescate.&nbsp;<\/p>\n\n\n\n<p>Adem\u00e1s de que se realiz\u00f3 en uno de sus salones el poner lugar de trabajo para la arqueolog\u00eda de la Sierra Ju\u00e1rez, lo que ayudar\u00e1 a reivindicar la trascendencia de Nexicho, que fue la capital del se\u00f1or\u00edo de Ixtepeji y un enclave importante en la ruta comercial de la frontera zapoteca.<\/p>\n\n\n\n<p>(Informaci\u00f3n de Infobae M\u00e9xico)<\/p>\n","protected":false},"excerpt":{"rendered":"<p>Redacci\u00f3n\/Zona Roja Cdmx. Ciudad de M\u00e9xico, a 19 de enero de 2023.- La Secretar\u00eda de&hellip;<\/p>\n","protected":false},"author":2,"featured_media":50641,"comment_status":"closed","ping_status":"open","sticky":false,"template":"","format":"standard","meta":{"_lmt_disableupdate":"","_lmt_disable":"","_jetpack_memberships_contains_paid_content":false,"footnotes":""},"categories":[109,46],"tags":[3403],"class_list":["post-50640","post","type-post","status-publish","format-standard","has-post-thumbnail","hentry","category-minuto-a-minuto","category-zona-blanca","tag-san-pedro-nexicho"],"jetpack_featured_media_url":"https:\/\/zonaroja.com.mx\/wp-content\/uploads\/2023\/01\/Tumba-zapoteca-San-Pedro-Nexicho.jpeg","jetpack_sharing_enabled":true,"_links":{"self":[{"href":"https:\/\/zonaroja.com.mx\/index.php?rest_route=\/wp\/v2\/posts\/50640","targetHints":{"allow":["GET"]}}],"collection":[{"href":"https:\/\/zonaroja.com.mx\/index.php?rest_route=\/wp\/v2\/posts"}],"about":[{"href":"https:\/\/zonaroja.com.mx\/index.php?rest_route=\/wp\/v2\/types\/post"}],"author":[{"embeddable":true,"href":"https:\/\/zonaroja.com.mx\/index.php?rest_route=\/wp\/v2\/users\/2"}],"replies":[{"embeddable":true,"href":"https:\/\/zonaroja.com.mx\/index.php?rest_route=%2Fwp%2Fv2%2Fcomments&post=50640"}],"version-history":[{"count":1,"href":"https:\/\/zonaroja.com.mx\/index.php?rest_route=\/wp\/v2\/posts\/50640\/revisions"}],"predecessor-version":[{"id":50642,"href":"https:\/\/zonaroja.com.mx\/index.php?rest_route=\/wp\/v2\/posts\/50640\/revisions\/50642"}],"wp:featuredmedia":[{"embeddable":true,"href":"https:\/\/zonaroja.com.mx\/index.php?rest_route=\/wp\/v2\/media\/50641"}],"wp:attachment":[{"href":"https:\/\/zonaroja.com.mx\/index.php?rest_route=%2Fwp%2Fv2%2Fmedia&parent=50640"}],"wp:term":[{"taxonomy":"category","embeddable":true,"href":"https:\/\/zonaroja.com.mx\/index.php?rest_route=%2Fwp%2Fv2%2Fcategories&post=50640"},{"taxonomy":"post_tag","embeddable":true,"href":"https:\/\/zonaroja.com.mx\/index.php?rest_route=%2Fwp%2Fv2%2Ftags&post=50640"}],"curies":[{"name":"wp","href":"https:\/\/api.w.org\/{rel}","templated":true}]}}