{"id":50643,"date":"2023-01-19T07:08:35","date_gmt":"2023-01-19T13:08:35","guid":{"rendered":"http:\/\/www.zonaroja.com.mx\/?p=50643"},"modified":"2023-01-19T07:08:39","modified_gmt":"2023-01-19T13:08:39","slug":"sancionan-a-asesora-de-tesis-en-lugar-de-ministra-piden-en-unam-quitarle-titulo","status":"publish","type":"post","link":"https:\/\/zonaroja.com.mx\/?p=50643","title":{"rendered":"Sancionan a asesora de tesis en lugar de ministra; piden en UNAM quitarle t\u00edtulo"},"content":{"rendered":"\n<p>Redacci\u00f3n\/Zona Roja Cdmx.<\/p>\n\n\n\n<p>Ciudad de M\u00e9xico, a 19 de enero de 2022.- Mientras Yasm\u00edn Esquivel se mantiene en su cargo en la Suprema Corte de Justicia de la Naci\u00f3n, la asesora de tesis, Martha Rodr\u00edguez Ortiz fue despedida como docente de la UNAM; en tanto, universitarios demandaron que le sea retirado el t\u00edtulo de abogada a la ministra.<\/p>\n\n\n\n<p>Ayer, la Universidad Nacional Aut\u00f3noma de M\u00e9xico (UNAM) dio a conocer que rescindi\u00f3 el contrato de la acad\u00e9mica Martha Rodr\u00edguez Ortiz, asesora de la licenciatura de grado de la ministra Yasm\u00edn Esquivel, luego de que se comprobara que el trabajo de titulaci\u00f3n de la integrante de la Suprema Corte de Justicia de la Naci\u00f3n (SCJN) fue plagiado.<\/p>\n\n\n\n<p>Sin embargo, casi un a\u00f1o antes, la docente recibi\u00f3 de la mano del rector de la m\u00e1xima casa de estudios, Enrique Graue Wiechers, el reconocimiento Sor Juana In\u00e9s de la Cruz, el cual se entrega desde 2003 para destacar a profesoras, investigadoras acad\u00e9micas de escuelas, facultades, centros, institutos y planteles de bachillerato por su labor y aportaci\u00f3n acad\u00e9mica.<\/p>\n\n\n\n<p>IMPUGNAR\u00c1 DESPIDO<\/p>\n\n\n\n<p>La asesora del trabajo de titulaci\u00f3n de grado de la ministra Yasmin Esquivel, Martha Rodr\u00edguez Ortiz, asegur\u00f3 que impugnar\u00e1 su despido que anunci\u00f3 la Universidad Nacional Aut\u00f3noma de M\u00e9xico (UNAM), pese a que se reconoci\u00f3 que existi\u00f3 plagio en el trabajo de investigaci\u00f3n de la integrante de la Suprema Corte de Justicia de la Naci\u00f3n (SCJN).<\/p>\n\n\n\n<p>En entrevista, la exacad\u00e9mica de la Facultad de Estudios Superiores (FES) Arag\u00f3n asegur\u00f3 que se defender\u00e1 contra la decisi\u00f3n que tom\u00f3 la m\u00e1xima casa de estudios, por lo que buscar\u00e1 obtener un amparo para poder continuar en la plantilla docente. \u201cMe voy a defender porque soy una maestra de categor\u00eda\u201d<\/p>\n\n\n\n<p>Rodr\u00edguez Ortiz puntualiz\u00f3 que tiene 43 a\u00f1os dando clases en las aulas universitarias y ha dirigido, al menos, 500 tesis, por lo que indic\u00f3 que es una profesora \u201cde categor\u00eda\u201d que no merece los se\u00f1alamientos que est\u00e1 recibiendo en su contra, luego de que fue reconocida con la presea Sor Juana In\u00e9s<\/p>\n\n\n\n<p>QUE RENUNCIE MINISTRA<\/p>\n\n\n\n<p>A su vez, para proteger la \u201ccredibilidad\u201d de la Universidad Nacional Aut\u00f3noma de M\u00e9xico (UNAM), distintos docentes, acad\u00e9micos, trabajadores y ex alumnos de la \u201cm\u00e1xima casa de estudios\u201d firmaron una carta petici\u00f3n para que la Comisi\u00f3n de Honor y Justicia del Consejo Universitario intervenga en el caso y retire el t\u00edtulo a la ministra Yasm\u00edn Esquivel Mossa.<\/p>\n\n\n\n<p>La carta enviada este 18 de enero al Consejo Universitario cuenta con 33 firmas de distintos miembros de la UNAM, en donde se explican las razones acad\u00e9micas por la cuales el t\u00edtulo como licenciado en derecho de la actual ministra de la Suprema Corte de Justicia de la Naci\u00f3n (SCJN) debe ser retirado como.<\/p>\n\n\n\n<p>\u201cExigimos que se cumplan los principios universitarios y se retire el t\u00edtulo de Licenciada en Derecho que se obtuvo de manera delictiva a la se\u00f1ora Yasm\u00edn Esquivel de Riobo\u00f3, se investigue a todas las personas que intervinieron en este hecho y se les apliquen las sanciones universitarias correspondientes\u201d, declararon los solicitantes.<\/p>\n\n\n\n<p>(Con informaci\u00f3n de Infobae M\u00e9xico)<\/p>\n","protected":false},"excerpt":{"rendered":"<p>Redacci\u00f3n\/Zona Roja Cdmx. Ciudad de M\u00e9xico, a 19 de enero de 2022.- Mientras Yasm\u00edn Esquivel&hellip;<\/p>\n","protected":false},"author":2,"featured_media":50645,"comment_status":"closed","ping_status":"open","sticky":false,"template":"","format":"standard","meta":{"_lmt_disableupdate":"","_lmt_disable":"","_jetpack_memberships_contains_paid_content":false,"footnotes":""},"categories":[109,47],"tags":[3361],"class_list":["post-50643","post","type-post","status-publish","format-standard","has-post-thumbnail","hentry","category-minuto-a-minuto","category-zona-gris","tag-yasmin-esquivel-mossa"],"jetpack_featured_media_url":"https:\/\/zonaroja.com.mx\/wp-content\/uploads\/2023\/01\/Ministra-Esquivel-y-asesora-de-tesis.jpg","jetpack_sharing_enabled":true,"_links":{"self":[{"href":"https:\/\/zonaroja.com.mx\/index.php?rest_route=\/wp\/v2\/posts\/50643","targetHints":{"allow":["GET"]}}],"collection":[{"href":"https:\/\/zonaroja.com.mx\/index.php?rest_route=\/wp\/v2\/posts"}],"about":[{"href":"https:\/\/zonaroja.com.mx\/index.php?rest_route=\/wp\/v2\/types\/post"}],"author":[{"embeddable":true,"href":"https:\/\/zonaroja.com.mx\/index.php?rest_route=\/wp\/v2\/users\/2"}],"replies":[{"embeddable":true,"href":"https:\/\/zonaroja.com.mx\/index.php?rest_route=%2Fwp%2Fv2%2Fcomments&post=50643"}],"version-history":[{"count":1,"href":"https:\/\/zonaroja.com.mx\/index.php?rest_route=\/wp\/v2\/posts\/50643\/revisions"}],"predecessor-version":[{"id":50646,"href":"https:\/\/zonaroja.com.mx\/index.php?rest_route=\/wp\/v2\/posts\/50643\/revisions\/50646"}],"wp:featuredmedia":[{"embeddable":true,"href":"https:\/\/zonaroja.com.mx\/index.php?rest_route=\/wp\/v2\/media\/50645"}],"wp:attachment":[{"href":"https:\/\/zonaroja.com.mx\/index.php?rest_route=%2Fwp%2Fv2%2Fmedia&parent=50643"}],"wp:term":[{"taxonomy":"category","embeddable":true,"href":"https:\/\/zonaroja.com.mx\/index.php?rest_route=%2Fwp%2Fv2%2Fcategories&post=50643"},{"taxonomy":"post_tag","embeddable":true,"href":"https:\/\/zonaroja.com.mx\/index.php?rest_route=%2Fwp%2Fv2%2Ftags&post=50643"}],"curies":[{"name":"wp","href":"https:\/\/api.w.org\/{rel}","templated":true}]}}