{"id":50647,"date":"2023-01-19T07:59:51","date_gmt":"2023-01-19T13:59:51","guid":{"rendered":"http:\/\/www.zonaroja.com.mx\/?p=50647"},"modified":"2023-01-19T07:59:55","modified_gmt":"2023-01-19T13:59:55","slug":"critican-en-congreso-local-fallida-politica-interna-del-gobierno-de-jara","status":"publish","type":"post","link":"https:\/\/zonaroja.com.mx\/?p=50647","title":{"rendered":"Critican en Congreso local fallida pol\u00edtica interna del gobierno de Jara"},"content":{"rendered":"\n<p>Ismael Garc\u00eda M.\/Zona Roja.<\/p>\n\n\n\n<p>Oaxaca de Ju\u00e1rez, Oax., a 19 de enero de 2023.- La fallida pol\u00edtica interna del gobierno de Salom\u00f3n Jara, desde la Secretar\u00eda de Gobierno, fue criticada en la sesi\u00f3n ordinaria del Congreso del Estado.<\/p>\n\n\n\n<p>En el contexto de m\u00faltiples bloqueos carreteros y protestas en todas las regiones, que incluy\u00f3 la liberaci\u00f3n de un activista tras presiones con bloqueos e incendio de camionetas, el grupo parlamentario del Partido de la Revoluci\u00f3n Democr\u00e1tica present\u00f3 un Punto de Acuerdo para exhortar a las autoridades estatales a atender las demandas ciudadanas.<\/p>\n\n\n\n<p>En tribuna, la legisladora Minerva Leonor L\u00f3pez Calder\u00f3n ley\u00f3 la propuesta y lament\u00f3 m\u00faltiples bloqueos, entre ellos en la v\u00eda que comunica a Juquila con R\u00edo Grande, que dur\u00f3 tres d\u00edas y que afect\u00f3 a cientos de familias, en su mayor\u00eda de escasos recursos econ\u00f3micos, adem\u00e1s de turistas.<\/p>\n\n\n\n<p>\u201cLa Secretar\u00eda de Gobierno debe conducir la pol\u00edtica interna y facilitar la conciliaci\u00f3n; a la Secretar\u00eda de Seguridad corresponde aplicar las normas t\u00e9cnicas operativas para el libre tr\u00e1nsito\u201d, dijo la legisladora.<\/p>\n\n\n\n<p>La fracci\u00f3n del PRD en el Congreso local plante\u00f3 que ambas instancias desarrollen una campa\u00f1a de mejora de atenci\u00f3n a los conflictos internos y que derivado de los bloqueos carreteros puedan generar una estrategia de comunicaci\u00f3n con la ciudadan\u00eda para evitar malestar a la poblaci\u00f3n, disminuir las p\u00e9rdidas econ\u00f3micas y vidas humanas.<\/p>\n\n\n\n<figure class=\"wp-block-embed is-type-rich is-provider-twitter wp-block-embed-twitter\"><div class=\"wp-block-embed__wrapper\">\n<div class=\"twitter-tweet\"><blockquote class=\"twitter-tweet\" data-lang=\"es\"><p lang=\"es\" dir=\"ltr\">2. Tambi\u00e9n la diputada <a href=\"https:\/\/twitter.com\/Maria_Matus?ref_src=twsrc%5Etfw\">@Maria_Matus<\/a> critic\u00f3 la p\u00e9sima pol\u00edtica interna de la <a href=\"https:\/\/twitter.com\/SEGO_Oax?ref_src=twsrc%5Etfw\">@SEGO_Oax<\/a> que preside <a href=\"https:\/\/twitter.com\/jesusromerooax?ref_src=twsrc%5Etfw\">@jesusromerooax<\/a>.<br>\u201cPuede ser que no le interese la opini\u00f3n de los diputados, pero s\u00ed es necesario que se instalen las mesas para quirnes est\u00e1n haciendo los bloqueos continuos\u201d, dijo. <a href=\"https:\/\/t.co\/DTHRPYyU3A\">pic.twitter.com\/DTHRPYyU3A<\/a><\/p>&mdash; Zona Roja Oaxaca (@ZonaRoja_Oaxaca) <a href=\"https:\/\/twitter.com\/ZonaRoja_Oaxaca\/status\/1615913966932488193?ref_src=twsrc%5Etfw\">19 de enero de 2023<\/a><\/blockquote><\/div>\n<\/div><\/figure>\n\n\n\n<p>HAGAN LA DIFERENCIA<\/p>\n\n\n\n<p>Por su parte, en Asuntos Generales, la diputada por el PRI, Mar\u00eda Luisa Matus Fuentes, tambi\u00e9n critic\u00f3 la ingobernabilidad y las omisiones en la Secretar\u00eda de Gobierno, a cargo de Jes\u00fas Romero L\u00f3pez.<\/p>\n\n\n\n<p>\u201cPuede ser que no le interese la opini\u00f3n de los diputados, puede ser que no le interese la opini\u00f3n del Congreso, en este caso, pero s\u00ed es necesario hacerle un llamado para que se instalen las mesas que sean necesarias y puedan atenderse a quienes est\u00e1n haciendo los bloqueos continuos en las carreteras y en las ciudades\u201d, expuso.<\/p>\n\n\n\n<p>Tras rese\u00f1ar algunas de las manifestaciones recientes, dijo que \u201ceso no puede seguir, creo que se tienen que atender, por lo que se hace un llamado no solamente al secretario de Gobierno, tambi\u00e9n a las autoridades municipales y al gobierno federal\u201d.<\/p>\n\n\n\n<p>Reforz\u00f3:<\/p>\n\n\n\n<p>\u201cSe les pide atentamente que se atiendan estos problemas que se canalice, que se atienda a los manifestantes, para que se puedan resolver por la v\u00eda de la paz, la tranquilidad, creo que es momento de hacer la diferencia\u201d.<\/p>\n","protected":false},"excerpt":{"rendered":"<p>Ismael Garc\u00eda M.\/Zona Roja. Oaxaca de Ju\u00e1rez, Oax., a 19 de enero de 2023.- La&hellip;<\/p>\n","protected":false},"author":2,"featured_media":50648,"comment_status":"closed","ping_status":"open","sticky":false,"template":"","format":"standard","meta":{"_lmt_disableupdate":"","_lmt_disable":"","_jetpack_memberships_contains_paid_content":false,"footnotes":""},"categories":[109,47],"tags":[2743],"class_list":["post-50647","post","type-post","status-publish","format-standard","has-post-thumbnail","hentry","category-minuto-a-minuto","category-zona-gris","tag-65-legislatura-del-estado-de-oaxaca"],"jetpack_featured_media_url":"https:\/\/zonaroja.com.mx\/wp-content\/uploads\/2023\/01\/Sesion-Congreso-Oaxaca.jpg","jetpack_sharing_enabled":true,"_links":{"self":[{"href":"https:\/\/zonaroja.com.mx\/index.php?rest_route=\/wp\/v2\/posts\/50647","targetHints":{"allow":["GET"]}}],"collection":[{"href":"https:\/\/zonaroja.com.mx\/index.php?rest_route=\/wp\/v2\/posts"}],"about":[{"href":"https:\/\/zonaroja.com.mx\/index.php?rest_route=\/wp\/v2\/types\/post"}],"author":[{"embeddable":true,"href":"https:\/\/zonaroja.com.mx\/index.php?rest_route=\/wp\/v2\/users\/2"}],"replies":[{"embeddable":true,"href":"https:\/\/zonaroja.com.mx\/index.php?rest_route=%2Fwp%2Fv2%2Fcomments&post=50647"}],"version-history":[{"count":1,"href":"https:\/\/zonaroja.com.mx\/index.php?rest_route=\/wp\/v2\/posts\/50647\/revisions"}],"predecessor-version":[{"id":50649,"href":"https:\/\/zonaroja.com.mx\/index.php?rest_route=\/wp\/v2\/posts\/50647\/revisions\/50649"}],"wp:featuredmedia":[{"embeddable":true,"href":"https:\/\/zonaroja.com.mx\/index.php?rest_route=\/wp\/v2\/media\/50648"}],"wp:attachment":[{"href":"https:\/\/zonaroja.com.mx\/index.php?rest_route=%2Fwp%2Fv2%2Fmedia&parent=50647"}],"wp:term":[{"taxonomy":"category","embeddable":true,"href":"https:\/\/zonaroja.com.mx\/index.php?rest_route=%2Fwp%2Fv2%2Fcategories&post=50647"},{"taxonomy":"post_tag","embeddable":true,"href":"https:\/\/zonaroja.com.mx\/index.php?rest_route=%2Fwp%2Fv2%2Ftags&post=50647"}],"curies":[{"name":"wp","href":"https:\/\/api.w.org\/{rel}","templated":true}]}}