{"id":50650,"date":"2023-01-19T09:00:00","date_gmt":"2023-01-19T15:00:00","guid":{"rendered":"http:\/\/www.zonaroja.com.mx\/?p=50650"},"modified":"2023-01-19T08:07:17","modified_gmt":"2023-01-19T14:07:17","slug":"propone-diputada-mayor-proteccion-a-hijos-cuando-son-sustraidos-del-hogar","status":"publish","type":"post","link":"https:\/\/zonaroja.com.mx\/?p=50650","title":{"rendered":"Propone diputada mayor protecci\u00f3n a hijos cuando son sustra\u00eddos del hogar"},"content":{"rendered":"\n<p>Redacci\u00f3n\/Zona Roja.<\/p>\n\n\n\n<p>Oaxaca de Ju\u00e1rez, Oax., a 19 de enero de 2023.- La diputada Mariana Ben\u00edtez Tiburcio propuso crear una orden de protecci\u00f3n con perspectiva de g\u00e9nero y de la ni\u00f1ez, en defensa de las ni\u00f1as, ni\u00f1os y adolescentes que son sustra\u00eddos il\u00edcitamente o sin consentimiento de sus madres con el prop\u00f3sito de agilizar su b\u00fasqueda y recuperaci\u00f3n.<\/p>\n\n\n\n<p>\u201cEl tema cada vez es m\u00e1s recurrente, cu\u00e1ntas veces no hemos escuchado o tenemos amistades cercanas que viven esas situaciones; cuando a la mujer le arrebatan los hijos, en al a\u00fan proceso de separaci\u00f3n y en este af\u00e1n de compartir la guardia y la custodia, se le presta los hijos al esposo y resulta que no los puede atender\u201d, expuso ayer en tribuna de la 65 Legislatura.<\/p>\n\n\n\n<p>La legisladora oaxaque\u00f1a asever\u00f3 que la sustracci\u00f3n de menores es una forma de violencia infantil, que expone a la ni\u00f1ez a da\u00f1os psicol\u00f3gicos, adem\u00e1s de provocar sufrimiento paras las mujeres cuando sus hijos son arrebatados de manera injustificada.&nbsp;&nbsp;<\/p>\n\n\n\n<p>En ese sentido, la congresista local propuso que en estos casos intervenga la Procuradur\u00eda Estatal de Protecci\u00f3n de los Derechos de Ni\u00f1as, Ni\u00f1os y Adolescentes del Estado de Oaxaca (PRODENNAO), y que se garantice que las ni\u00f1as, ni\u00f1os y adolescentes sean escuchados por las autoridades.<\/p>\n\n\n\n<p>Adem\u00e1s, sostuvo que cuando no exista un proceso de guarda y custodia en los juzgados, las autoridades administrativas encausen este tipo de conflictos con los jueces competentes para que resuelvan de forma definitiva si la madre o el padre tendr\u00e1n la guarda y custodia.&nbsp;<\/p>\n\n\n\n<p>&nbsp;Mariana Ben\u00edtez indic\u00f3 que este tipo de casos han ido en aumento durante los \u00faltimos a\u00f1os, seg\u00fan revel\u00f3 el Censo Nacional de Procuraci\u00f3n de Justicia Federal y Estatal 2022 del&nbsp;INEGI, durante 2019 se registraron m\u00e1s de dos mil 800 delitos de retenci\u00f3n o sustracci\u00f3n de menores o incapaces, mientras que en 2020 se contabilizaron tres mil 526 y en 2021 fueron m\u00e1s de cuatro mil casos.<\/p>\n\n\n\n<p>Finalmente, la legisladora oaxaque\u00f1a expuso que esta orden de protecci\u00f3n tiene un efecto disuasorio para evitar que se cometan este tipo de conductas de sustracci\u00f3n que violentan tanto a las mujeres como a la ni\u00f1ez; y se dispone que las autoridades administrativas encausen este tipo de conflictos con la autoridad judicial competente para que las personas se conduzcan apegados a las leyes.<\/p>\n\n\n\n<figure class=\"wp-block-embed is-type-rich is-provider-twitter wp-block-embed-twitter\"><div class=\"wp-block-embed__wrapper\">\n<div class=\"twitter-tweet\"><blockquote class=\"twitter-tweet\" data-lang=\"es\"><p lang=\"es\" dir=\"ltr\"><a href=\"https:\/\/twitter.com\/hashtag\/%C3%9AltimoMinuto?src=hash&amp;ref_src=twsrc%5Etfw\">#\u00daltimoMinuto<\/a><br>En sesi\u00f3n ordinaria del <a href=\"https:\/\/twitter.com\/CongresoOaxaca_?ref_src=twsrc%5Etfw\">@CongresoOaxaca_<\/a> hoy, la diputada <a href=\"https:\/\/twitter.com\/marianabenitezt?ref_src=twsrc%5Etfw\">@marianabenitezt<\/a>  propuso la creaci\u00f3n de una orden de protecci\u00f3n con perspectiva de g\u00e9nero y de la ni\u00f1ez, para que en casos de sustracci\u00f3n il\u00edcita o sin consentimiento, se realice la b\u00fasqueda y localizaci\u00f3n. <a href=\"https:\/\/t.co\/sTNvxmolQF\">pic.twitter.com\/sTNvxmolQF<\/a><\/p>&mdash; Zona Roja Oaxaca (@ZonaRoja_Oaxaca) <a href=\"https:\/\/twitter.com\/ZonaRoja_Oaxaca\/status\/1615786668006457359?ref_src=twsrc%5Etfw\">18 de enero de 2023<\/a><\/blockquote><\/div>\n<\/div><\/figure>\n","protected":false},"excerpt":{"rendered":"<p>Redacci\u00f3n\/Zona Roja. Oaxaca de Ju\u00e1rez, Oax., a 19 de enero de 2023.- La diputada Mariana&hellip;<\/p>\n","protected":false},"author":2,"featured_media":50644,"comment_status":"closed","ping_status":"open","sticky":false,"template":"","format":"standard","meta":{"_lmt_disableupdate":"","_lmt_disable":"","_jetpack_memberships_contains_paid_content":false,"footnotes":""},"categories":[109,46],"tags":[2969],"class_list":["post-50650","post","type-post","status-publish","format-standard","has-post-thumbnail","hentry","category-minuto-a-minuto","category-zona-blanca","tag-mariana-benitez-tiburcio"],"jetpack_featured_media_url":"https:\/\/zonaroja.com.mx\/wp-content\/uploads\/2023\/01\/Mariana-Benitez-T-1.jpg","jetpack_sharing_enabled":true,"_links":{"self":[{"href":"https:\/\/zonaroja.com.mx\/index.php?rest_route=\/wp\/v2\/posts\/50650","targetHints":{"allow":["GET"]}}],"collection":[{"href":"https:\/\/zonaroja.com.mx\/index.php?rest_route=\/wp\/v2\/posts"}],"about":[{"href":"https:\/\/zonaroja.com.mx\/index.php?rest_route=\/wp\/v2\/types\/post"}],"author":[{"embeddable":true,"href":"https:\/\/zonaroja.com.mx\/index.php?rest_route=\/wp\/v2\/users\/2"}],"replies":[{"embeddable":true,"href":"https:\/\/zonaroja.com.mx\/index.php?rest_route=%2Fwp%2Fv2%2Fcomments&post=50650"}],"version-history":[{"count":1,"href":"https:\/\/zonaroja.com.mx\/index.php?rest_route=\/wp\/v2\/posts\/50650\/revisions"}],"predecessor-version":[{"id":50651,"href":"https:\/\/zonaroja.com.mx\/index.php?rest_route=\/wp\/v2\/posts\/50650\/revisions\/50651"}],"wp:featuredmedia":[{"embeddable":true,"href":"https:\/\/zonaroja.com.mx\/index.php?rest_route=\/wp\/v2\/media\/50644"}],"wp:attachment":[{"href":"https:\/\/zonaroja.com.mx\/index.php?rest_route=%2Fwp%2Fv2%2Fmedia&parent=50650"}],"wp:term":[{"taxonomy":"category","embeddable":true,"href":"https:\/\/zonaroja.com.mx\/index.php?rest_route=%2Fwp%2Fv2%2Fcategories&post=50650"},{"taxonomy":"post_tag","embeddable":true,"href":"https:\/\/zonaroja.com.mx\/index.php?rest_route=%2Fwp%2Fv2%2Ftags&post=50650"}],"curies":[{"name":"wp","href":"https:\/\/api.w.org\/{rel}","templated":true}]}}