{"id":50658,"date":"2023-01-19T11:21:00","date_gmt":"2023-01-19T17:21:00","guid":{"rendered":"http:\/\/www.zonaroja.com.mx\/?p=50658"},"modified":"2023-01-19T14:16:13","modified_gmt":"2023-01-19T20:16:13","slug":"pend1-9","status":"publish","type":"post","link":"https:\/\/zonaroja.com.mx\/?p=50658","title":{"rendered":"Intoxicados de amoniaco denuncian ante AMLO presunta negligencia"},"content":{"rendered":"\n<p>Yuridiana Sosa\/Zona Roja&nbsp;<\/p>\n\n\n\n<p>Oaxaca de Ju\u00e1rez, Oax., 19 de enero de 2023.- Damnificados por la fuga de amoniaco de tuber\u00edas de Pemex en la agencia de Donaji, de Mat\u00edas Romero, denunciaron al Presidente Andr\u00e9s Manuel L\u00f3pez Obrador la inadecuada atenci\u00f3n m\u00e9dica que recibieron por parte de las autoridades del estado y de Pemex.<\/p>\n\n\n\n<p>A casi 40 d\u00edas de los hechos, ocurridos la madrugada del 10 de diciembre, los pobladores y principalmente menores de edad siguen sufriendo las consecuencias de la intoxicaci\u00f3n por dicho gas, el cual estuvo activo en la zona por m\u00e1s de una semana.&nbsp;<\/p>\n\n\n\n<p>Este 18 de enero los afectados entregaron en las oficinas de Atenci\u00f3n Ciudadana de la Presidencia de la Rep\u00fablica el documento en el que exponen las irregularidades y falta de cumplimiento a las minutas firmadas entre las autoridades del estado y Petr\u00f3leos Mexicanos para atender a la poblaci\u00f3n.&nbsp;<\/p>\n\n\n\n<p>De acuerdo con los habitantes, se acord\u00f3 que llegar\u00eda a la poblaci\u00f3n una unidad m\u00f3vil de atenci\u00f3n m\u00e9dica, equipada y con atenci\u00f3n de neum\u00f3logos y dermat\u00f3logos, sin embargo, fueron atendidos por un m\u00e9dico general y un especialista que ofrecieron diagn\u00f3sticos sin realizar an\u00e1lisis o estudios cl\u00ednicos.<\/p>\n\n\n\n<p>Mientras mujeres, hombres y ni\u00f1os persisten con malestares, los m\u00e9dicos se\u00f1alaron \u201cbuen estado de salud\u201d y s\u00f3lo recetaron ibuprofeno y ketorolaco.&nbsp;<\/p>\n\n\n\n<p>En tanto que la atenci\u00f3n por parte de Pemex tambi\u00e9n ha sido deficiente, pues s\u00f3lo les dan la receta para comprar por cuenta propia los medicamentos, as\u00ed como estudios detallados de pulmones y electrocardiogramas para descartar futuros males de dicha intoxicaci\u00f3n.<\/p>\n\n\n\n<p>\u201cSe\u00f1or Presidente somos gente de escasos recursos econ\u00f3micos que vivimos al d\u00eda, que nos intoxicamos porque est\u00e1bamos obligados a seguir trabajando, de tal manera que pedimos encarecidamente que les d\u00e9 indicaciones a Pemex y retome su responsabilidad y mande un grupo de profesionales con aparatos adecuados y medicamento para todos los enfermos por esta fuga\u201d, cita el documento. <\/p>\n\n\n\n<figure class=\"wp-block-embed\"><div class=\"wp-block-embed__wrapper\">\n<div class=\"twitter-tweet\"><blockquote class=\"twitter-tweet\" data-lang=\"es\"><p lang=\"es\" dir=\"ltr\"><a href=\"https:\/\/twitter.com\/hashtag\/%C3%9AltimoMinuto?src=hash&amp;ref_src=twsrc%5Etfw\">#\u00daltimoMinuto<\/a><br>A un mes de la fuga de amoniaco de un ducto en la zona norte del Istmo de Tehuantepec, pobladores afectados acuden a la Ciudad de M\u00e9xico para exigir a <a href=\"https:\/\/twitter.com\/Pemex?ref_src=twsrc%5Etfw\">@Pemex<\/a> que cumpla con resarcir los da\u00f1os. As\u00ed lo piden: <a href=\"https:\/\/t.co\/FjZpKWfSp6\">pic.twitter.com\/FjZpKWfSp6<\/a><\/p>&mdash; Zona Roja Oaxaca (@ZonaRoja_Oaxaca) <a href=\"https:\/\/twitter.com\/ZonaRoja_Oaxaca\/status\/1616118582269677568?ref_src=twsrc%5Etfw\">19 de enero de 2023<\/a><\/blockquote><\/div>\n<\/div><\/figure>\n\n\n\n<p>As\u00ed como exigieron \u201cque con base a la minuta realizada el 5 de enero con el Gobierno del Estado, se cumplan los acuerdos sin tanto protocolo con la revisi\u00f3n directa de las personas afectadas, tomando en cuenta el magnicidio de la flora y la fauna del lugar\u201d.<\/p>\n\n\n\n<p>PAGO DE DA\u00d1OS<\/p>\n\n\n\n<p>Los habitantes de la zona afectada plantearon al mandatario nacional hacer v\u00e1lido un seguro por desastres para que se aplique en la regi\u00f3n.<\/p>\n\n\n\n<p>En ese sentido, dirigidos tambi\u00e9n al director general de Pemex Log\u00edstica, Javier Gonz\u00e1lez Del Villar, demandaron que con base a \u201cla Ley de Protecci\u00f3n Civil y Gesti\u00f3n Integral de Riesgos y Desastres para el Estado de Oaxaca, en su art\u00edculo 76, les muestren la p\u00f3liza de seguro que ampare la responsabilidad civil y da\u00f1os a terceros\u201d.<\/p>\n\n\n\n<p>As\u00ed como basados en el art\u00edculo 68 de la misma ley, \u201cles presente, la unidad integral que tiene construida y adem\u00e1s el programa interno especial que coordinan con el estado de Oaxaca y el municipio de Mat\u00edas Romero para cualquier emergencia o desastre en la zona\u201d.<\/p>\n","protected":false},"excerpt":{"rendered":"<p>Yuridiana Sosa\/Zona Roja&nbsp; Oaxaca de Ju\u00e1rez, Oax., 19 de enero de 2023.- Damnificados por la&hellip;<\/p>\n","protected":false},"author":2,"featured_media":50660,"comment_status":"closed","ping_status":"open","sticky":false,"template":"","format":"standard","meta":{"_lmt_disableupdate":"","_lmt_disable":"","_jetpack_memberships_contains_paid_content":false,"footnotes":""},"categories":[109,47],"tags":[],"class_list":["post-50658","post","type-post","status-publish","format-standard","has-post-thumbnail","hentry","category-minuto-a-minuto","category-zona-gris"],"jetpack_featured_media_url":"https:\/\/zonaroja.com.mx\/wp-content\/uploads\/2023\/01\/img_7601.jpg","jetpack_sharing_enabled":true,"_links":{"self":[{"href":"https:\/\/zonaroja.com.mx\/index.php?rest_route=\/wp\/v2\/posts\/50658","targetHints":{"allow":["GET"]}}],"collection":[{"href":"https:\/\/zonaroja.com.mx\/index.php?rest_route=\/wp\/v2\/posts"}],"about":[{"href":"https:\/\/zonaroja.com.mx\/index.php?rest_route=\/wp\/v2\/types\/post"}],"author":[{"embeddable":true,"href":"https:\/\/zonaroja.com.mx\/index.php?rest_route=\/wp\/v2\/users\/2"}],"replies":[{"embeddable":true,"href":"https:\/\/zonaroja.com.mx\/index.php?rest_route=%2Fwp%2Fv2%2Fcomments&post=50658"}],"version-history":[{"count":2,"href":"https:\/\/zonaroja.com.mx\/index.php?rest_route=\/wp\/v2\/posts\/50658\/revisions"}],"predecessor-version":[{"id":50661,"href":"https:\/\/zonaroja.com.mx\/index.php?rest_route=\/wp\/v2\/posts\/50658\/revisions\/50661"}],"wp:featuredmedia":[{"embeddable":true,"href":"https:\/\/zonaroja.com.mx\/index.php?rest_route=\/wp\/v2\/media\/50660"}],"wp:attachment":[{"href":"https:\/\/zonaroja.com.mx\/index.php?rest_route=%2Fwp%2Fv2%2Fmedia&parent=50658"}],"wp:term":[{"taxonomy":"category","embeddable":true,"href":"https:\/\/zonaroja.com.mx\/index.php?rest_route=%2Fwp%2Fv2%2Fcategories&post=50658"},{"taxonomy":"post_tag","embeddable":true,"href":"https:\/\/zonaroja.com.mx\/index.php?rest_route=%2Fwp%2Fv2%2Ftags&post=50658"}],"curies":[{"name":"wp","href":"https:\/\/api.w.org\/{rel}","templated":true}]}}