{"id":50662,"date":"2023-01-19T17:26:52","date_gmt":"2023-01-19T23:26:52","guid":{"rendered":"http:\/\/www.zonaroja.com.mx\/?p=50662"},"modified":"2023-01-19T17:26:56","modified_gmt":"2023-01-19T23:26:56","slug":"desecha-jara-cruz-a-lopez-saure-y-opta-por-rodriguez-alamilla-para-la-fiscalia","status":"publish","type":"post","link":"https:\/\/zonaroja.com.mx\/?p=50662","title":{"rendered":"Desecha Jara Cruz a L\u00f3pez Saure y opta por Rodr\u00edguez Alamilla para la Fiscal\u00eda"},"content":{"rendered":"\n<p>Redacci\u00f3n\/Zona Roja.<\/p>\n\n\n\n<p>Oaxaca de Ju\u00e1rez, Oax., 19 de enero de 2023.- El titular de la Fiscal\u00eda General del Estado de Oaxaca ser\u00eda Bernardo Rodr\u00edguez Alamilla, al desechar el gobernador Salom\u00f3n Jara Cruz su propuesta principal, Ernesto L\u00f3pez Saure.<\/p>\n\n\n\n<p>Despu\u00e9s del mediod\u00eda de hoy, el titular del Poder Ejecutivo, a trav\u00e9s del consejero Jur\u00eddico, Geovany V\u00e1squez Sagrero, entreg\u00f3 al Congreso del Estado la terna final de aspirantes a la titularidad de la instituci\u00f3n de procuraci\u00f3n de justicia, ac\u00e9fala desde hace casi un mes.<\/p>\n\n\n\n<p>La devoluci\u00f3n del Poder Ejecutivo se registra a poco m\u00e1s de una semana que la 65 Legislatura env\u00edo la lista seleccionada de 10 candidatos -que incluy\u00f3 cinco mujeres y cinco hombres- de los que hoy resultaron en la terna Jessica Jeanine Rodr\u00edguez Robles, Jos\u00e9 Bernando Rodr\u00edguez Alamilla y Jos\u00e9 Antonio \u00c1lvarez Hern\u00e1ndez.<\/p>\n\n\n\n<p>Los dos \u00faltimos nombres fueron filtrados en una lista previa, pero en la que se inclu\u00eda a Ernesto L\u00f3pez Saure, ex discal de Investigaci\u00f3n Estrat\u00e9gica del Delito de Homicidio, en la Fiscal\u00eda General de Justicia de la Ciudad de M\u00e9xico, presuntamente perfilado a ocupar el cargo en Oaxaca.<\/p>\n\n\n\n<p>La Fiscal\u00eda General de Oaxaca se encuentra sin titular desde el pasado 23 de diciembre ante la renuncia de Arturo Peimbert Calvo.<\/p>\n\n\n\n<p>LA TERNA<\/p>\n\n\n\n<p>Jessica Jeanine Rodr\u00edguez Robles es licenciada en Derecho, egresada de la Universidad Aut\u00f3noma \u201cBenito Ju\u00e1rez\u201d de Oaxaca.<\/p>\n\n\n\n<p>Se ha desempe\u00f1ado al interior de la Fiscal\u00eda General de Oaxaca, donde su labor ha sido reconocida como la mejor Ministerio P\u00fablico. Ha fungido como Agente del Ministerio P\u00fablico de la Unidad Especializada contra el Secuestro.<\/p>\n\n\n\n<p>Jos\u00e9 Bernardo Rodr\u00edguez Alamilla cuenta con estudios de Derecho y Econom\u00eda por la Universidad Aut\u00f3noma \u201cBenito Ju\u00e1rez\u201d de Oaxaca, as\u00ed como postgrados por la misma instituci\u00f3n.<\/p>\n\n\n\n<p>Actualmente es titular de la Defensor\u00eda de los Derechos Humanos del Pueblo de Oaxaca (DDHPO), cargo al que lleg\u00f3 en abril de 2019 para ocupar la vacante que dej\u00f3 Arturo Peimber Calvo.<\/p>\n\n\n\n<p>Es ex Consejero Ciudadano de la Defensor\u00eda de los Derechos del Pueblo de Oaxaca, en el lapso que fungi\u00f3 Arturo Peimber Calvo como presidente del organismo.<\/p>\n\n\n\n<figure class=\"wp-block-embed is-type-rich is-provider-twitter wp-block-embed-twitter\"><div class=\"wp-block-embed__wrapper\">\n<div class=\"twitter-tweet\"><blockquote class=\"twitter-tweet\" data-lang=\"es\"><p lang=\"es\" dir=\"ltr\">As\u00ed qued\u00f3 la terna para la titularidad de la <a href=\"https:\/\/twitter.com\/FISCALIA_GobOax?ref_src=twsrc%5Etfw\">@FISCALIA_GobOax<\/a>.<br>Deja el Ejecutivo <a href=\"https:\/\/twitter.com\/salomonj?ref_src=twsrc%5Etfw\">@salomonj<\/a> fuera a Ernesto L\u00f3pez Saure. <br>Esta misma semana el <a href=\"https:\/\/twitter.com\/CongresoOaxaca_?ref_src=twsrc%5Etfw\">@CongresoOaxaca_<\/a> sesionar\u00eda de manera extraordinaria. <a href=\"https:\/\/t.co\/jWMny5x5lf\">pic.twitter.com\/jWMny5x5lf<\/a><\/p>&mdash; Zona Roja Oaxaca (@ZonaRoja_Oaxaca) <a href=\"https:\/\/twitter.com\/ZonaRoja_Oaxaca\/status\/1616187907353759745?ref_src=twsrc%5Etfw\">19 de enero de 2023<\/a><\/blockquote><\/div>\n<\/div><\/figure>\n\n\n\n<p>En su trayectoria destaca su participaci\u00f3n en diferentes asociaciones civiles a favor de los derechos humanos; ha sido asesor en materia de Derechos Humanos en el Congreso Federal y en el Congreso del Estado.<\/p>\n\n\n\n<p>As\u00ed como ha colaborado en el Programa Regional de Apoyo a las Defensor\u00edas del Pueblo en Iberoam\u00e9rica y en diversos temas con la Oficina del Alto Comisionado de la<\/p>\n\n\n\n<p>Organizaci\u00f3n de las Naciones Unidas para los Derechos Humanos, as\u00ed como de la Uni\u00f3n<\/p>\n\n\n\n<p>Europea.<\/p>\n\n\n\n<p>Adem\u00e1s, ha participado en la elaboraci\u00f3n del Programa Nacional de Derechos Humanos y presentado casos de v\u00edctimas de violaciones a derechos humanos ante la Comisi\u00f3n Interamericana de Derechos Humanos y diferentes Agencias de la Organizaci\u00f3n de Naciones Unidas.<\/p>\n\n\n\n<p>As\u00ed como en la creaci\u00f3n de diversas leyes en materia de Derechos Humanos, como la Ley para la Justa Reparaci\u00f3n de V\u00edctimas de Violaciones a Derechos Humanos, Ley de la Defensor\u00eda de los Derechos Humanos del Pueblo de Oaxaca, Ley General en Materia de Desaparici\u00f3n Forzada de Personas, entre otras.<\/p>\n\n\n\n<p>Jos\u00e9 Antonio \u00c1lvarez Hern\u00e1ndez, estudi\u00f3 Derechos en la Universidad Aut\u00f3noma \u201cBenito Ju\u00e1rez\u201d de Oaxaca. Maestr\u00eda en Derecho Civil y Mercantil; Doctorado en Derechos Humanos, adem\u00e1s de contar con m\u00faltiples diplomados, cursos, talleres y ponencias en materia de justicia y derecho.<\/p>\n\n\n\n<p>En su trayectoria cuenta el de docente en la Benem\u00e9rita Universidad De&nbsp;Oaxaca&nbsp; y catedr\u00e1tico de la Facultad de Derecho y Ciencias Sociales de la Universidad Aut\u00f3noma \u201cBenito Ju\u00e1rez\u201d de Oaxaca, as\u00ed como en otras instituciones del estado.<\/p>\n\n\n\n<p>Ha sido asesor jur\u00eddico externo del Congreso del Estado de&nbsp;Oaxaca y del Congreso de la Uni\u00f3n; Actuario, Secretario Judicial y Juez del Poder Judicial del Estado de Oaxaca. Secretario T\u00e9cnico y Ejecutivo de la Comisi\u00f3n para la Defensa de Los Derechos Humanos del Estado de Oaxaca en dos ocasiones.<\/p>\n\n\n\n<p>Defensor de Oficio adscrito a la Direcci\u00f3n Jur\u00eddica y de Gobierno del Estado de Oaxaca y particip\u00f3 en diciembre de 2021 en el proceso para el cargo de Consejero de la Judicatura Federal.&nbsp;<\/p>\n","protected":false},"excerpt":{"rendered":"<p>Redacci\u00f3n\/Zona Roja. Oaxaca de Ju\u00e1rez, Oax., 19 de enero de 2023.- El titular de la&hellip;<\/p>\n","protected":false},"author":2,"featured_media":22139,"comment_status":"closed","ping_status":"open","sticky":false,"template":"","format":"standard","meta":{"_lmt_disableupdate":"","_lmt_disable":"","_jetpack_memberships_contains_paid_content":false,"footnotes":""},"categories":[109,47],"tags":[2743,1262],"class_list":["post-50662","post","type-post","status-publish","format-standard","has-post-thumbnail","hentry","category-minuto-a-minuto","category-zona-gris","tag-65-legislatura-del-estado-de-oaxaca","tag-bernardo-rodriguez-alamilla"],"jetpack_featured_media_url":"https:\/\/zonaroja.com.mx\/wp-content\/uploads\/2021\/01\/Bernardo-Rodriguez-Alamilla-1.jpg","jetpack_sharing_enabled":true,"_links":{"self":[{"href":"https:\/\/zonaroja.com.mx\/index.php?rest_route=\/wp\/v2\/posts\/50662","targetHints":{"allow":["GET"]}}],"collection":[{"href":"https:\/\/zonaroja.com.mx\/index.php?rest_route=\/wp\/v2\/posts"}],"about":[{"href":"https:\/\/zonaroja.com.mx\/index.php?rest_route=\/wp\/v2\/types\/post"}],"author":[{"embeddable":true,"href":"https:\/\/zonaroja.com.mx\/index.php?rest_route=\/wp\/v2\/users\/2"}],"replies":[{"embeddable":true,"href":"https:\/\/zonaroja.com.mx\/index.php?rest_route=%2Fwp%2Fv2%2Fcomments&post=50662"}],"version-history":[{"count":1,"href":"https:\/\/zonaroja.com.mx\/index.php?rest_route=\/wp\/v2\/posts\/50662\/revisions"}],"predecessor-version":[{"id":50663,"href":"https:\/\/zonaroja.com.mx\/index.php?rest_route=\/wp\/v2\/posts\/50662\/revisions\/50663"}],"wp:featuredmedia":[{"embeddable":true,"href":"https:\/\/zonaroja.com.mx\/index.php?rest_route=\/wp\/v2\/media\/22139"}],"wp:attachment":[{"href":"https:\/\/zonaroja.com.mx\/index.php?rest_route=%2Fwp%2Fv2%2Fmedia&parent=50662"}],"wp:term":[{"taxonomy":"category","embeddable":true,"href":"https:\/\/zonaroja.com.mx\/index.php?rest_route=%2Fwp%2Fv2%2Fcategories&post=50662"},{"taxonomy":"post_tag","embeddable":true,"href":"https:\/\/zonaroja.com.mx\/index.php?rest_route=%2Fwp%2Fv2%2Ftags&post=50662"}],"curies":[{"name":"wp","href":"https:\/\/api.w.org\/{rel}","templated":true}]}}