{"id":50664,"date":"2023-01-19T17:42:29","date_gmt":"2023-01-19T23:42:29","guid":{"rendered":"http:\/\/www.zonaroja.com.mx\/?p=50664"},"modified":"2023-01-19T17:42:34","modified_gmt":"2023-01-19T23:42:34","slug":"ningunea-rector-al-steuabjo-no-hay-negociacion-y-el-1-de-febrero-estallaria-huelga","status":"publish","type":"post","link":"https:\/\/zonaroja.com.mx\/?p=50664","title":{"rendered":"Ningunea rector al STEUABJO; no hay negociaci\u00f3n y el 1 de febrero estallar\u00eda huelga"},"content":{"rendered":"\n<p>Yuridiana Sosa\/Zona Roja.<\/p>\n\n\n\n<p>Oaxaca de Ju\u00e1rez, Oax., 19 de enero de 2023.- A menos de dos semanas de la fecha fijada para el estallamiento a huelga por parte el Sindicato de Trabajadores y Empleados de la Universidad Aut\u00f3noma \u201cBenito Ju\u00e1rez\u201d de Oaxaca, el rector de la Universidad, Cristian \u00c9der Carre\u00f1o L\u00f3pez, no ha instalado una mesa de negociaci\u00f3n del pliego petitorio.<\/p>\n\n\n\n<p>La dirigencia del STEUABJO se\u00f1al\u00f3 en conferencia de prensa, frente al edificio central de la Rector\u00eda, que desde hace tres semanas entregaron sus demandas, sin embargo, existe una evidente desatenci\u00f3n de parte de la autoridad acad\u00e9mica, y hasta del gobierno del estado.<\/p>\n\n\n\n<p>Por tal motivo, este jueves la base sindical inici\u00f3 una jornada de movilizaciones pol\u00edticas en busca de la inmediata instalaci\u00f3n de la mesa de negociaci\u00f3n con la parte legal de la UABJO, a fin de llegar a acuerdos antes del 1 de febrero, fecha del emplazamiento a huelga.<\/p>\n\n\n\n<p>El secretario de organizaci\u00f3n del STEUABJO, Rodrigo Carrasco, apunt\u00f3 que en su pliego demandan a la m\u00e1xima casa de estudios resarcir las violaciones laborales pendientes desde hace varios a\u00f1os y que siguen acumul\u00e1ndose, en tanto que el gobierno del estado plantean que ponga en marcha un programa de incremento salarial.<\/p>\n\n\n\n<p>Adem\u00e1s, existen otros temas de car\u00e1cter sindical, como algunos relacionados a terrenos y la remodelaci\u00f3n de oficinas sindicales.<\/p>\n\n\n\n<p>\u201cYa pongan seriedad, est\u00e1n a menos de 15 d\u00edas\u201d, exigi\u00f3 el secretario de organizaci\u00f3n a la UABJO, y al Gobierno del Estado, para que a la conclusi\u00f3n del plazo no se afecte la vida acad\u00e9mica de la Universidad.\u00a0<\/p>\n\n\n\n<figure class=\"wp-block-embed is-type-rich is-provider-twitter wp-block-embed-twitter\"><div class=\"wp-block-embed__wrapper\">\n<div class=\"twitter-tweet\"><blockquote class=\"twitter-tweet\" data-lang=\"es\"><p lang=\"es\" dir=\"ltr\"><a href=\"https:\/\/twitter.com\/hashtag\/%C3%9AltimoMinuto?src=hash&amp;ref_src=twsrc%5Etfw\">#\u00daltimoMinuto<\/a><br>A tres semanas de haber entregado el pliego petitorio, el rector de la <a href=\"https:\/\/twitter.com\/UABJO?ref_src=twsrc%5Etfw\">@UABJO<\/a>, <a href=\"https:\/\/twitter.com\/RectorCristian?ref_src=twsrc%5Etfw\">@RectorCristian<\/a>, a\u00fan no ha instalado una mesa de negociaci\u00f3n para atender las demandas laborales, denuncio el STEUABJO, que amaga con una huelga para el 1 de febrero. <a href=\"https:\/\/t.co\/GoHv2uPCgE\">pic.twitter.com\/GoHv2uPCgE<\/a><\/p>&mdash; Zona Roja Oaxaca (@ZonaRoja_Oaxaca) <a href=\"https:\/\/twitter.com\/ZonaRoja_Oaxaca\/status\/1616103110740529164?ref_src=twsrc%5Etfw\">19 de enero de 2023<\/a><\/blockquote><\/div>\n<\/div><\/figure>\n","protected":false},"excerpt":{"rendered":"<p>Yuridiana Sosa\/Zona Roja. Oaxaca de Ju\u00e1rez, Oax., 19 de enero de 2023.- A menos de&hellip;<\/p>\n","protected":false},"author":2,"featured_media":50667,"comment_status":"closed","ping_status":"open","sticky":false,"template":"","format":"standard","meta":{"_lmt_disableupdate":"","_lmt_disable":"","_jetpack_memberships_contains_paid_content":false,"footnotes":""},"categories":[109,47],"tags":[1286],"class_list":["post-50664","post","type-post","status-publish","format-standard","has-post-thumbnail","hentry","category-minuto-a-minuto","category-zona-gris","tag-sindicato-de-trabajadores-y-empleados-de-la-uabjo-steuabjo"],"jetpack_featured_media_url":"https:\/\/zonaroja.com.mx\/wp-content\/uploads\/2023\/01\/Conferencia-de-Prensa-STEUABJO.jpg","jetpack_sharing_enabled":true,"_links":{"self":[{"href":"https:\/\/zonaroja.com.mx\/index.php?rest_route=\/wp\/v2\/posts\/50664","targetHints":{"allow":["GET"]}}],"collection":[{"href":"https:\/\/zonaroja.com.mx\/index.php?rest_route=\/wp\/v2\/posts"}],"about":[{"href":"https:\/\/zonaroja.com.mx\/index.php?rest_route=\/wp\/v2\/types\/post"}],"author":[{"embeddable":true,"href":"https:\/\/zonaroja.com.mx\/index.php?rest_route=\/wp\/v2\/users\/2"}],"replies":[{"embeddable":true,"href":"https:\/\/zonaroja.com.mx\/index.php?rest_route=%2Fwp%2Fv2%2Fcomments&post=50664"}],"version-history":[{"count":1,"href":"https:\/\/zonaroja.com.mx\/index.php?rest_route=\/wp\/v2\/posts\/50664\/revisions"}],"predecessor-version":[{"id":50668,"href":"https:\/\/zonaroja.com.mx\/index.php?rest_route=\/wp\/v2\/posts\/50664\/revisions\/50668"}],"wp:featuredmedia":[{"embeddable":true,"href":"https:\/\/zonaroja.com.mx\/index.php?rest_route=\/wp\/v2\/media\/50667"}],"wp:attachment":[{"href":"https:\/\/zonaroja.com.mx\/index.php?rest_route=%2Fwp%2Fv2%2Fmedia&parent=50664"}],"wp:term":[{"taxonomy":"category","embeddable":true,"href":"https:\/\/zonaroja.com.mx\/index.php?rest_route=%2Fwp%2Fv2%2Fcategories&post=50664"},{"taxonomy":"post_tag","embeddable":true,"href":"https:\/\/zonaroja.com.mx\/index.php?rest_route=%2Fwp%2Fv2%2Ftags&post=50664"}],"curies":[{"name":"wp","href":"https:\/\/api.w.org\/{rel}","templated":true}]}}