{"id":50669,"date":"2023-01-19T17:53:05","date_gmt":"2023-01-19T23:53:05","guid":{"rendered":"http:\/\/www.zonaroja.com.mx\/?p=50669"},"modified":"2023-01-20T14:19:32","modified_gmt":"2023-01-20T20:19:32","slug":"cada-vez-mas-grave-inseguridad-en-oaxaca-tres-calcinados-y-un-ejecutado","status":"publish","type":"post","link":"https:\/\/zonaroja.com.mx\/?p=50669","title":{"rendered":"Cada vez m\u00e1s grave inseguridad en Oaxaca: tres calcinados y un ejecutado"},"content":{"rendered":"\n<p>Redacci\u00f3n\/Zona Roja.<\/p>\n\n\n\n<p>Oaxaca de Ju\u00e1rez, Oax., a 19 de enero de 2023.- La inseguridad se acrecienta en Oaxaca, sin que la Secretar\u00eda de Seguridad y Protecci\u00f3n Ciudadana implemente estrategias para la poblaci\u00f3n y este jueves se registr\u00f3 otro saldo sangriento.<\/p>\n\n\n\n<p>En un basurero junto a la carretera federal 135, en jurisdicci\u00f3n de San Francisco Telixtlahuaca, fueron hallados restos humanos calcinados, presuntamente de al menos tres personas.<\/p>\n\n\n\n<p>La Fiscal\u00eda General del Estado confirm\u00f3 el hallazgo en dicha zona del municipio perteneciente a la regi\u00f3n Valles Centrales, para lo cual traslad\u00f3 a peritos en diversas disciplinas.<\/p>\n\n\n\n<p>Por otra parte, la ma\u00f1ana de este jueves en un centro de cremaci\u00f3n ubicado en la colonia El Pedregal de San Pedro Pochutla, fue ejecutado a balazos un individuo.<\/p>\n\n\n\n<p>La v\u00edctima fue identificada como \u00c1ngel G. N., de aproximadamente 24 a\u00f1os de edad, quien era encargado del crematorio.<\/p>\n\n\n\n<p>Hasta el momento se desconocen las causas que originaron el crimen y la Vicefiscal\u00eda Regional de la Costa indaga el caso.<\/p>\n\n\n\n<p>Mientras que en San Agust\u00edn de las Juntas, municipio conurbado a la capital del estado, un elemento de la Polic\u00eda Estatal, identificado como Amado O. S., de 26 a\u00f1os de edad, fue atacado con arma blanca.<\/p>\n\n\n\n<p>Fue auxiliado por personal municipal y presenta una herida a la altura del ojo y fue trasladado posteriormente a un hospital de la ciudad de Oaxaca; los presuntos delincuentes, que ser\u00edan tres, lograron huir.<\/p>\n","protected":false},"excerpt":{"rendered":"<p>Redacci\u00f3n\/Zona Roja. Oaxaca de Ju\u00e1rez, Oax., a 19 de enero de 2023.- La inseguridad se&hellip;<\/p>\n","protected":false},"author":2,"featured_media":50671,"comment_status":"closed","ping_status":"open","sticky":false,"template":"","format":"standard","meta":{"_lmt_disableupdate":"","_lmt_disable":"","_jetpack_memberships_contains_paid_content":false,"footnotes":""},"categories":[109,51],"tags":[3274,151],"class_list":["post-50669","post","type-post","status-publish","format-standard","has-post-thumbnail","hentry","category-minuto-a-minuto","category-zona-roja","tag-san-francisco-telixtlahuaca","tag-san-pedro-pochutla"],"jetpack_featured_media_url":"https:\/\/zonaroja.com.mx\/wp-content\/uploads\/2023\/01\/img_7694.jpg","jetpack_sharing_enabled":true,"_links":{"self":[{"href":"https:\/\/zonaroja.com.mx\/index.php?rest_route=\/wp\/v2\/posts\/50669","targetHints":{"allow":["GET"]}}],"collection":[{"href":"https:\/\/zonaroja.com.mx\/index.php?rest_route=\/wp\/v2\/posts"}],"about":[{"href":"https:\/\/zonaroja.com.mx\/index.php?rest_route=\/wp\/v2\/types\/post"}],"author":[{"embeddable":true,"href":"https:\/\/zonaroja.com.mx\/index.php?rest_route=\/wp\/v2\/users\/2"}],"replies":[{"embeddable":true,"href":"https:\/\/zonaroja.com.mx\/index.php?rest_route=%2Fwp%2Fv2%2Fcomments&post=50669"}],"version-history":[{"count":1,"href":"https:\/\/zonaroja.com.mx\/index.php?rest_route=\/wp\/v2\/posts\/50669\/revisions"}],"predecessor-version":[{"id":50670,"href":"https:\/\/zonaroja.com.mx\/index.php?rest_route=\/wp\/v2\/posts\/50669\/revisions\/50670"}],"wp:featuredmedia":[{"embeddable":true,"href":"https:\/\/zonaroja.com.mx\/index.php?rest_route=\/wp\/v2\/media\/50671"}],"wp:attachment":[{"href":"https:\/\/zonaroja.com.mx\/index.php?rest_route=%2Fwp%2Fv2%2Fmedia&parent=50669"}],"wp:term":[{"taxonomy":"category","embeddable":true,"href":"https:\/\/zonaroja.com.mx\/index.php?rest_route=%2Fwp%2Fv2%2Fcategories&post=50669"},{"taxonomy":"post_tag","embeddable":true,"href":"https:\/\/zonaroja.com.mx\/index.php?rest_route=%2Fwp%2Fv2%2Ftags&post=50669"}],"curies":[{"name":"wp","href":"https:\/\/api.w.org\/{rel}","templated":true}]}}