{"id":50672,"date":"2023-01-19T21:58:04","date_gmt":"2023-01-20T03:58:04","guid":{"rendered":"http:\/\/www.zonaroja.com.mx\/?p=50672"},"modified":"2023-01-19T21:58:06","modified_gmt":"2023-01-20T03:58:06","slug":"sin-solucion-conflicto-de-transportistas-en-salina-cruz","status":"publish","type":"post","link":"https:\/\/zonaroja.com.mx\/?p=50672","title":{"rendered":"Sin soluci\u00f3n conflicto de transportistas en Salina Cruz"},"content":{"rendered":"\n<p>Redacci\u00f3n\/Zona Roja.<\/p>\n\n\n\n<p>Oaxaca de Ju\u00e1rez, Oax., a 19 de enero de 2023.- Por segundo d\u00eda consecutivo se mantiene el conflicto de transportistas en el municipio de Salina Cruz, por la disputa de una obra.<\/p>\n\n\n\n<p>Este d\u00eda hubo una reuni\u00f3n que estuvo a punto de derivar en golpes, pues trabajadores denunciaron acoso, extorsiones y chantajes, por parte de dirigentes de los gremios CTM y CATEM, que pretenden controlar por la fuerza todas las obras.<\/p>\n\n\n\n<p>Por ello, optaron por demandar al Presidente de la Rep\u00fablica, Andr\u00e9s Manuel L\u00f3pez Obrador, as\u00ed como al gobernador Salom\u00f3n Jara Cruz, ponga orden en Salina Cruz y evite que intereses ajenos y probables grupos delincuenciales se inmiscuyan en los trabajos, entre ellos el del rompeolas.<\/p>\n\n\n\n<p>Rolando L\u00f3pez, uno de los inconformes se\u00f1al\u00f3 que las obras son acaparadas y por lo cual se ven afectados en su econom\u00eda por los sindicatos mencionados que operan como grupos portales.<br>Acusaron a No\u00e9 P\u00e9rez Urquidi y Remigio G\u00f3mez Manubes de ser responsable de privilegiar a CATEM en los trabajos de la ampliaci\u00f3n de la escollera, el rompeolas y reparaciones en la refiner\u00eda \u201cIng. Antonio Doval\u00ed Jaime\u201d.<br>Reconocieron la labor del Presidente de la Rep\u00fablica por detonar la zona del Istmo de Tehuantepec, pero que sea favoreciendo a personas de la misma regi\u00f3n.<br>F\u00e9lix Garc\u00eda, del sindicato de la CIT y propietario de camiones volteo dijo que los transportistas locales se han visto desplazados por camioneros de Veracruz, Chiapas, Tabasco, Quer\u00e9taro, Puebla y Guerrero y a ellos los hacen a un lado.<\/p>\n\n\n\n<p>Otro grupo de obreros y camioneros acus\u00f3 que CATEM sigue ligado a funcionarios del sexenio que encabez\u00f3 Alejandro Murat, entre ellos Jos\u00e9 Manuel Vera Salinas, de quien reciben \u00f3rdenes.<\/p>\n","protected":false},"excerpt":{"rendered":"<p>Redacci\u00f3n\/Zona Roja. Oaxaca de Ju\u00e1rez, Oax., a 19 de enero de 2023.- Por segundo d\u00eda&hellip;<\/p>\n","protected":false},"author":2,"featured_media":50675,"comment_status":"closed","ping_status":"open","sticky":false,"template":"","format":"standard","meta":{"_lmt_disableupdate":"","_lmt_disable":"","_jetpack_memberships_contains_paid_content":false,"footnotes":""},"categories":[109,47],"tags":[168],"class_list":["post-50672","post","type-post","status-publish","format-standard","has-post-thumbnail","hentry","category-minuto-a-minuto","category-zona-gris","tag-salina-cruz"],"jetpack_featured_media_url":"https:\/\/zonaroja.com.mx\/wp-content\/uploads\/2023\/01\/Bloqueo-transportistas.jpeg","jetpack_sharing_enabled":true,"_links":{"self":[{"href":"https:\/\/zonaroja.com.mx\/index.php?rest_route=\/wp\/v2\/posts\/50672","targetHints":{"allow":["GET"]}}],"collection":[{"href":"https:\/\/zonaroja.com.mx\/index.php?rest_route=\/wp\/v2\/posts"}],"about":[{"href":"https:\/\/zonaroja.com.mx\/index.php?rest_route=\/wp\/v2\/types\/post"}],"author":[{"embeddable":true,"href":"https:\/\/zonaroja.com.mx\/index.php?rest_route=\/wp\/v2\/users\/2"}],"replies":[{"embeddable":true,"href":"https:\/\/zonaroja.com.mx\/index.php?rest_route=%2Fwp%2Fv2%2Fcomments&post=50672"}],"version-history":[{"count":1,"href":"https:\/\/zonaroja.com.mx\/index.php?rest_route=\/wp\/v2\/posts\/50672\/revisions"}],"predecessor-version":[{"id":50676,"href":"https:\/\/zonaroja.com.mx\/index.php?rest_route=\/wp\/v2\/posts\/50672\/revisions\/50676"}],"wp:featuredmedia":[{"embeddable":true,"href":"https:\/\/zonaroja.com.mx\/index.php?rest_route=\/wp\/v2\/media\/50675"}],"wp:attachment":[{"href":"https:\/\/zonaroja.com.mx\/index.php?rest_route=%2Fwp%2Fv2%2Fmedia&parent=50672"}],"wp:term":[{"taxonomy":"category","embeddable":true,"href":"https:\/\/zonaroja.com.mx\/index.php?rest_route=%2Fwp%2Fv2%2Fcategories&post=50672"},{"taxonomy":"post_tag","embeddable":true,"href":"https:\/\/zonaroja.com.mx\/index.php?rest_route=%2Fwp%2Fv2%2Ftags&post=50672"}],"curies":[{"name":"wp","href":"https:\/\/api.w.org\/{rel}","templated":true}]}}