{"id":50683,"date":"2023-01-20T10:30:00","date_gmt":"2023-01-20T16:30:00","guid":{"rendered":"http:\/\/www.zonaroja.com.mx\/?p=50683"},"modified":"2023-01-20T06:48:41","modified_gmt":"2023-01-20T12:48:41","slug":"agente-de-san-lorenzo-papalo-continua-violentando-a-familias-cristianas","status":"publish","type":"post","link":"https:\/\/zonaroja.com.mx\/?p=50683","title":{"rendered":"Agente de San Lorenzo P\u00e1palo contin\u00faa violentando a familias cristianas"},"content":{"rendered":"\n<p>Redacci\u00f3n\/Informativo 570.<\/p>\n\n\n\n<p>Oaxaca de Ju\u00e1rez, Oax., a 20 de enero de 2023.- A casi 15 d\u00edas de que el agente municipal de San Lorenzo P\u00e1palo, dej\u00f3 sin energ\u00eda el\u00e9ctrica y sin agua potable a 10 familias de esta comunidad, por no comulgar con sus ideas religiosas, personal de la Comisi\u00f3n Federal de Electricidad (CFE) sufri\u00f3 los embates de su ignorancia y fue amenazado con ser retenidos, tras intentar restablecerles el servicio.<\/p>\n\n\n\n<p>El pasado 3 de enero, respaldado por la presidente municipal de Concepci\u00f3n P\u00e1palo, Mar\u00eda Asunci\u00f3n Contreras Castillo, el agente amedrent\u00f3 a las familias cristianas evang\u00e9licas, argumentando que la asamblea mediante sus llamados \u201cusos y costumbres\u201d, hab\u00eda determinado sacarlos de la comunidad.<\/p>\n\n\n\n<p>Ante ello, y a petici\u00f3n de otra parte de la comunidad que no est\u00e1 de acuerdo con la injusticia, personal de la CFE acudi\u00f3 a esta comunidad a tratar de restablecer el servicio, sin embargo, fueron amenazados por el agente y parte de su Cabildo, con retenerlos en el pueblo y quemar sus camionetas de servicio.<\/p>\n\n\n\n<p>Los trabajadores optaron por retirarse, dejando a las familias nuevamente en la indefensi\u00f3n, ya que no cuentan con los recursos suficientes para defenderse ante los abusos del agente y de la presidenta municipal, que se ampara en el fuero de su hermano, el diputado federal Armando Contreras Castillo.<\/p>\n\n\n\n<p>Algunos informes de habitantes de San Lorenzo P\u00e1palo, se\u00f1alan que las autoridades est\u00e1n laborando en la ilegalidad, ya que no est\u00e1n oficialmente reconocidos para ejercer esas funciones.<\/p>\n","protected":false},"excerpt":{"rendered":"<p>Redacci\u00f3n\/Informativo 570. Oaxaca de Ju\u00e1rez, Oax., a 20 de enero de 2023.- A casi 15&hellip;<\/p>\n","protected":false},"author":2,"featured_media":50673,"comment_status":"closed","ping_status":"open","sticky":false,"template":"","format":"standard","meta":{"_lmt_disableupdate":"","_lmt_disable":"","_jetpack_memberships_contains_paid_content":false,"footnotes":""},"categories":[109,47],"tags":[3366],"class_list":["post-50683","post","type-post","status-publish","format-standard","has-post-thumbnail","hentry","category-minuto-a-minuto","category-zona-gris","tag-san-lorenzo-papalo"],"jetpack_featured_media_url":"https:\/\/zonaroja.com.mx\/wp-content\/uploads\/2023\/01\/San-Lorenzo-Papalo.jpeg","jetpack_sharing_enabled":true,"_links":{"self":[{"href":"https:\/\/zonaroja.com.mx\/index.php?rest_route=\/wp\/v2\/posts\/50683","targetHints":{"allow":["GET"]}}],"collection":[{"href":"https:\/\/zonaroja.com.mx\/index.php?rest_route=\/wp\/v2\/posts"}],"about":[{"href":"https:\/\/zonaroja.com.mx\/index.php?rest_route=\/wp\/v2\/types\/post"}],"author":[{"embeddable":true,"href":"https:\/\/zonaroja.com.mx\/index.php?rest_route=\/wp\/v2\/users\/2"}],"replies":[{"embeddable":true,"href":"https:\/\/zonaroja.com.mx\/index.php?rest_route=%2Fwp%2Fv2%2Fcomments&post=50683"}],"version-history":[{"count":1,"href":"https:\/\/zonaroja.com.mx\/index.php?rest_route=\/wp\/v2\/posts\/50683\/revisions"}],"predecessor-version":[{"id":50684,"href":"https:\/\/zonaroja.com.mx\/index.php?rest_route=\/wp\/v2\/posts\/50683\/revisions\/50684"}],"wp:featuredmedia":[{"embeddable":true,"href":"https:\/\/zonaroja.com.mx\/index.php?rest_route=\/wp\/v2\/media\/50673"}],"wp:attachment":[{"href":"https:\/\/zonaroja.com.mx\/index.php?rest_route=%2Fwp%2Fv2%2Fmedia&parent=50683"}],"wp:term":[{"taxonomy":"category","embeddable":true,"href":"https:\/\/zonaroja.com.mx\/index.php?rest_route=%2Fwp%2Fv2%2Fcategories&post=50683"},{"taxonomy":"post_tag","embeddable":true,"href":"https:\/\/zonaroja.com.mx\/index.php?rest_route=%2Fwp%2Fv2%2Ftags&post=50683"}],"curies":[{"name":"wp","href":"https:\/\/api.w.org\/{rel}","templated":true}]}}