{"id":50686,"date":"2023-01-20T07:32:34","date_gmt":"2023-01-20T13:32:34","guid":{"rendered":"http:\/\/www.zonaroja.com.mx\/?p=50686"},"modified":"2023-01-20T07:43:59","modified_gmt":"2023-01-20T13:43:59","slug":"ejecutan-a-funcionaria-municipal-en-oaxaca-hay-un-adolescente-herido","status":"publish","type":"post","link":"https:\/\/zonaroja.com.mx\/?p=50686","title":{"rendered":"Ejecutan a funcionaria municipal en Oaxaca; hay un adolescente herido"},"content":{"rendered":"\n<p>Ismael Garc\u00eda M.\/Zona Roja.<\/p>\n\n\n\n<p>Oaxaca de Ju\u00e1rez, Oax., a 20 de enero de 2023.- La regidora de Comercio por el Partido Morena en el Cabildo de San Pedro Tapanatepec, Heidi Candelaria Lagunes, fue ejecutada a balazos anoche.<\/p>\n\n\n\n<p>En los hechos ocurridos en un local comercial ubicado en la esquina de avenida Paulino con Francisco Villa, barrio Las Flores, result\u00f3 tambi\u00e9n herido de gravedad un adolescente de 14 a\u00f1os de edad, quien fue trasladado a un hospital.<\/p>\n\n\n\n<p>El crimen se perpetr\u00f3 cerca de las 20:00 horas por parte de sujetos armados, que dispararon de manera directa en contra de la mujer, de aproximadamente 40 a\u00f1os de edad, quien estaba acompa\u00f1ada del adolescente.<\/p>\n\n\n\n<p>Personal de la Vicefiscal\u00eda Regional del Istmo inici\u00f3 las investigaciones bajo los protocolos de feminicidio.<\/p>\n\n\n\n<p>Apenas el pasado martes 17 de marzo, fue tambi\u00e9n asesinado a balazos un joven, identificado como Jos\u00e9 Edwin L. C., quien recibi\u00f3 el tiro de gracia en la cabeza.<\/p>\n\n\n\n<p>El presidente municipal de Tapanatepec, Humberto L\u00f3pez Parrazales, surgido de Morena, ha sido v\u00edctima tambi\u00e9n de ataques armados e incluso asesinaron a sus guardaespaldas.<\/p>\n","protected":false},"excerpt":{"rendered":"<p>Ismael Garc\u00eda M.\/Zona Roja. Oaxaca de Ju\u00e1rez, Oax., a 20 de enero de 2023.- La&hellip;<\/p>\n","protected":false},"author":2,"featured_media":50687,"comment_status":"closed","ping_status":"open","sticky":false,"template":"","format":"standard","meta":{"_lmt_disableupdate":"","_lmt_disable":"","_jetpack_memberships_contains_paid_content":false,"footnotes":""},"categories":[109,51],"tags":[3404,206],"class_list":["post-50686","post","type-post","status-publish","format-standard","has-post-thumbnail","hentry","category-minuto-a-minuto","category-zona-roja","tag-heidi-candelaria-lagunes","tag-san-pedro-tapanatepec"],"jetpack_featured_media_url":"https:\/\/zonaroja.com.mx\/wp-content\/uploads\/2023\/01\/Regidora-Heidi-Candelaria-Lagunes.jpg","jetpack_sharing_enabled":true,"_links":{"self":[{"href":"https:\/\/zonaroja.com.mx\/index.php?rest_route=\/wp\/v2\/posts\/50686","targetHints":{"allow":["GET"]}}],"collection":[{"href":"https:\/\/zonaroja.com.mx\/index.php?rest_route=\/wp\/v2\/posts"}],"about":[{"href":"https:\/\/zonaroja.com.mx\/index.php?rest_route=\/wp\/v2\/types\/post"}],"author":[{"embeddable":true,"href":"https:\/\/zonaroja.com.mx\/index.php?rest_route=\/wp\/v2\/users\/2"}],"replies":[{"embeddable":true,"href":"https:\/\/zonaroja.com.mx\/index.php?rest_route=%2Fwp%2Fv2%2Fcomments&post=50686"}],"version-history":[{"count":1,"href":"https:\/\/zonaroja.com.mx\/index.php?rest_route=\/wp\/v2\/posts\/50686\/revisions"}],"predecessor-version":[{"id":50688,"href":"https:\/\/zonaroja.com.mx\/index.php?rest_route=\/wp\/v2\/posts\/50686\/revisions\/50688"}],"wp:featuredmedia":[{"embeddable":true,"href":"https:\/\/zonaroja.com.mx\/index.php?rest_route=\/wp\/v2\/media\/50687"}],"wp:attachment":[{"href":"https:\/\/zonaroja.com.mx\/index.php?rest_route=%2Fwp%2Fv2%2Fmedia&parent=50686"}],"wp:term":[{"taxonomy":"category","embeddable":true,"href":"https:\/\/zonaroja.com.mx\/index.php?rest_route=%2Fwp%2Fv2%2Fcategories&post=50686"},{"taxonomy":"post_tag","embeddable":true,"href":"https:\/\/zonaroja.com.mx\/index.php?rest_route=%2Fwp%2Fv2%2Ftags&post=50686"}],"curies":[{"name":"wp","href":"https:\/\/api.w.org\/{rel}","templated":true}]}}