{"id":50696,"date":"2023-01-20T08:22:05","date_gmt":"2023-01-20T14:22:05","guid":{"rendered":"http:\/\/www.zonaroja.com.mx\/?p=50696"},"modified":"2023-01-20T08:22:08","modified_gmt":"2023-01-20T14:22:08","slug":"aumento-percepcion-de-inseguridad-en-oaxaca-capital-ensu-del-inegi","status":"publish","type":"post","link":"https:\/\/zonaroja.com.mx\/?p=50696","title":{"rendered":"Aument\u00f3 percepci\u00f3n de inseguridad en Oaxaca capital: ENSU del Inegi"},"content":{"rendered":"\n<p>Yuridiana Sosa\/Zona Roja.<\/p>\n\n\n\n<p>Oaxaca de Ju\u00e1rez, Oax., 20 de enero de 2023.- La percepci\u00f3n de la inseguridad p\u00fablica en Oaxaca de Ju\u00e1rez creci\u00f3 en diciembre de 2022, en comparaci\u00f3n al cierre del trimestre anterior y al mismo mes del a\u00f1o anterior.<\/p>\n\n\n\n<p>As\u00ed lo dio a conocer la Encuesta Nacional de Seguridad P\u00fablica Urbana (ENSU) con resultados al cuarto trimestre del 2022, en la que se revel\u00f3 que el 72.2 por ciento de los habitantes de la capital oaxaque\u00f1a se sienten inseguros del lugar donde viven.<\/p>\n\n\n\n<p>La cifra es mayor con relaci\u00f3n a septiembre que fue de 71.6 por ciento y de diciembre de 2021 que arroj\u00f3 un 71.4 por ciento.<\/p>\n\n\n\n<p>La encuesta aplicada por el Instituto Nacional de Estad\u00edstica y Geograf\u00eda (Inegi) da cuenta que se registr\u00f3 una reducci\u00f3n en la poblaci\u00f3n de 18 a\u00f1os y m\u00e1s que experiment\u00f3 conflictos o enfrentamientos, entre el tercer y cuarto trimestre, al pasar de 25.4 a 21.4 por ciento.<\/p>\n\n\n\n<p>Pero los n\u00fameros no son favorables con relaci\u00f3n a la percepci\u00f3n de la poblaci\u00f3n sobre la efectividad del gobierno municipal para resolver las principales problem\u00e1ticas, con una respuesta del 14.5 por ciento.<\/p>\n\n\n\n<p>Sobre la corrupci\u00f3n, al segundo semestre de 2022, el 60.3 por ciento de la poblaci\u00f3n tuvo contacto con autoridades de seguridad p\u00fablica y experiment\u00f3 alg\u00fan acto de corrupci\u00f3n.<\/p>\n\n\n\n<p>En tanto, el 28.7 por ciento de los hogares o un integrante fueron v\u00edctimas de robo y\/ o extorsi\u00f3n; de los que, el 22.3 por ciento experiment\u00f3 un robo y el 11.7 por ciento una extorsi\u00f3n.<\/p>\n\n\n\n<p>NACIONAL<\/p>\n\n\n\n<p>Para el cierre del 2022, el 64.2 por ciento de la poblaci\u00f3n de 18 a\u00f1os y m\u00e1s consider\u00f3 que vive en una ciudad insegura.<\/p>\n\n\n\n<p>Las ciudades con mayor inseguridad fueron: Fresnillo, Zacatecas, Irapuato, Naucalpan de Ju\u00e1rez, Ecatepec de Morelos y Ciudad Obreg\u00f3n, con 97.7, 93.3, 92.6, 89.7, 89.6 y 89.2 por ciento respectivamente. En contraste, las ciudades con la menor percepci\u00f3n de inseguridad fueron: San Pedro Garza Garc\u00eda, Los Mochis, Benito Ju\u00e1rez, Los Cabos, Tampico y Cuajimalpa de Morelos, con 8.1, 15.0, 19.4, 20.9, 22.1 y 22.3 por ciento, respectivamente.<\/p>\n\n\n\n<p>Por desempe\u00f1o gubernamental, el 81.2 por ciento de la poblaci\u00f3n de 18 a\u00f1os y m\u00e1s manifest\u00f3 que los baches en calles y avenidas son uno de los problemas m\u00e1s importantes en su ciudad; 61 por ciento dijo que existe un alumbrado p\u00fablico insuficiente y 54.8 por ciento dijo que existen fallas o fugas en el suministro de agua potable.<\/p>\n\n\n\n<p>El 40.2 por ciento de la poblaci\u00f3n consider\u00f3 como problema la saturaci\u00f3n de los saturados o con servicio deficiente representan uno de los problemas m\u00e1s importantes en sus ciudades.<\/p>\n","protected":false},"excerpt":{"rendered":"<p>Yuridiana Sosa\/Zona Roja. Oaxaca de Ju\u00e1rez, Oax., 20 de enero de 2023.- La percepci\u00f3n de&hellip;<\/p>\n","protected":false},"author":2,"featured_media":50095,"comment_status":"closed","ping_status":"open","sticky":false,"template":"","format":"standard","meta":{"_lmt_disableupdate":"","_lmt_disable":"","_jetpack_memberships_contains_paid_content":false,"footnotes":""},"categories":[109,47],"tags":[148],"class_list":["post-50696","post","type-post","status-publish","format-standard","has-post-thumbnail","hentry","category-minuto-a-minuto","category-zona-gris","tag-oaxaca-de-juarez"],"jetpack_featured_media_url":"https:\/\/zonaroja.com.mx\/wp-content\/uploads\/2023\/01\/Ciudad-de-Oaxaca-foto-Salomon-Jara.jpeg","jetpack_sharing_enabled":true,"_links":{"self":[{"href":"https:\/\/zonaroja.com.mx\/index.php?rest_route=\/wp\/v2\/posts\/50696","targetHints":{"allow":["GET"]}}],"collection":[{"href":"https:\/\/zonaroja.com.mx\/index.php?rest_route=\/wp\/v2\/posts"}],"about":[{"href":"https:\/\/zonaroja.com.mx\/index.php?rest_route=\/wp\/v2\/types\/post"}],"author":[{"embeddable":true,"href":"https:\/\/zonaroja.com.mx\/index.php?rest_route=\/wp\/v2\/users\/2"}],"replies":[{"embeddable":true,"href":"https:\/\/zonaroja.com.mx\/index.php?rest_route=%2Fwp%2Fv2%2Fcomments&post=50696"}],"version-history":[{"count":1,"href":"https:\/\/zonaroja.com.mx\/index.php?rest_route=\/wp\/v2\/posts\/50696\/revisions"}],"predecessor-version":[{"id":50697,"href":"https:\/\/zonaroja.com.mx\/index.php?rest_route=\/wp\/v2\/posts\/50696\/revisions\/50697"}],"wp:featuredmedia":[{"embeddable":true,"href":"https:\/\/zonaroja.com.mx\/index.php?rest_route=\/wp\/v2\/media\/50095"}],"wp:attachment":[{"href":"https:\/\/zonaroja.com.mx\/index.php?rest_route=%2Fwp%2Fv2%2Fmedia&parent=50696"}],"wp:term":[{"taxonomy":"category","embeddable":true,"href":"https:\/\/zonaroja.com.mx\/index.php?rest_route=%2Fwp%2Fv2%2Fcategories&post=50696"},{"taxonomy":"post_tag","embeddable":true,"href":"https:\/\/zonaroja.com.mx\/index.php?rest_route=%2Fwp%2Fv2%2Ftags&post=50696"}],"curies":[{"name":"wp","href":"https:\/\/api.w.org\/{rel}","templated":true}]}}