{"id":5070,"date":"2019-10-23T17:15:11","date_gmt":"2019-10-23T22:15:11","guid":{"rendered":"http:\/\/www.zonaroja.com.mx\/?p=5070"},"modified":"2019-10-23T17:15:14","modified_gmt":"2019-10-23T22:15:14","slug":"continua-conflicto-en-juquila-en-perjuicio-de-feligreses-y-pobladores","status":"publish","type":"post","link":"https:\/\/zonaroja.com.mx\/?p=5070","title":{"rendered":"Contin\u00faa conflicto en Juquila en perjuicio de feligreses y pobladores"},"content":{"rendered":"\n<p>Redacci\u00f3n\/Zona Roja.<\/p>\n\n\n\n<p>Oaxaca de Ju\u00e1rez, Oax., 23 de octubre\nde 2019.- El p\u00e1rroco de la iglesia de Santa Catarina Juquila, Jacinto L\u00f3pez\nMonta\u00f1o, lament\u00f3 que a la fecha no se haya resuelto el conflicto con Santiago\nYaitepec, lo que repercute en perjuicio no s\u00f3lo de la poblaci\u00f3n de ambos\nmunicipios, sino de miles de personas que a\u00f1o con a\u00f1o se dan cita al santuario\n\u201cEl Pedimento\u201d, a trav\u00e9s de distintas peregrinaciones.&nbsp; <\/p>\n\n\n\n<p>En entrevista, record\u00f3 que el conflicto\nes de car\u00e1cter agrario, tal y como inicio; sin embargo, la posesi\u00f3n de \u201cEl\nPedimento\u201d de la virgen de Juquila se ha involucrado en el mismo como medida de\npresi\u00f3n para que sea resuelto, pero a\u00fan no ha podido llegar a buen fin.<\/p>\n\n\n\n<p>\u201cSabemos que sigue la ruta jur\u00eddica y se tiene que llegar a un di\u00e1logo entre ambas comunidades, sin embargo, eso le toca a las autoridades, sobre todo agrarias, que tienen que promover los tr\u00e1mites necesarios para que cada uno de los municipios pueda quedar satisfecho con las decisiones tomadas\u201d dijo.<\/p>\n\n\n\n<figure class=\"wp-block-embed-twitter wp-block-embed is-type-rich is-provider-twitter\"><div class=\"wp-block-embed__wrapper\">\n<div class=\"twitter-tweet\"><blockquote class=\"twitter-tweet\" data-lang=\"es\"><p lang=\"es\" dir=\"ltr\"><a href=\"https:\/\/twitter.com\/hashtag\/OaxacaGris?src=hash&amp;ref_src=twsrc%5Etfw\">#OaxacaGris<\/a><br>El p\u00e1rroco de la iglesia de Santa Catarina Juquila, Jacinto L\u00f3pez Monta\u00f1o, lament\u00f3 que a la fecha no se haya resuelto el conflicto con Yaitepec, lo que repercute en perjuicio de peregrinos y de la poblaci\u00f3n en general. <a href=\"https:\/\/t.co\/wrKCmWEEXF\">pic.twitter.com\/wrKCmWEEXF<\/a><\/p>&mdash; Zona Roja Oaxaca (@MexRoja) <a href=\"https:\/\/twitter.com\/MexRoja\/status\/1187022482533953536?ref_src=twsrc%5Etfw\">23 de octubre de 2019<\/a><\/blockquote><\/div>\n<\/div><\/figure>\n\n\n\n<p>L\u00f3pez Monta\u00f1o se\u00f1al\u00f3 que las\nafectaciones se deben a que se trata del \u00fanico acceso a la comunidad de Santa\nCatarina Juquila, el que fue bloqueado en m\u00faltiples ocasiones hace\naproximadamente ocho meses y de los cuales a\u00fan se sienten los estragos en la\npoblaci\u00f3n.<\/p>\n\n\n\n<p>El sacerdote indic\u00f3 que el conflicto no\ns\u00f3lo afecto a la iglesia, sino a toda la sociedad, toda vez que no solo perjudic\u00f3\nel paso al santuario, sino que impidi\u00f3 el ingreso a toda la comunidad, lo que\nafect\u00f3 toda la vida de quienes ah\u00ed habitan o realizan sus actividades\ncomerciales.<\/p>\n\n\n\n<p>\u201cSeguimos esperando que pronto puedan\ncontinuar con los trabajo en materia agraria y que puedan dar fin a este\nconflicto que afecta no s\u00f3lo a la iglesia, sino a la sociedad en general\u201d,\nmanifest\u00f3.<\/p>\n\n\n\n<p>Finalmente, hizo un llamado a las\nautoridades municipales, estatales y federales para que pongan atenci\u00f3n y den\nsoluci\u00f3n definitiva al conflicto, que se respeten los acuerdos que ya se\ntomaron en las diferentes mesas de trabajo y que garanticen la paz en la zona.<\/p>\n\n\n\n<p>A inicios de febrero de este a\u00f1o fueron\nincendiados al menos tres locales, en inmediaciones del santuario m\u00e1s visitado\nde Santa Catarina Juquila, acci\u00f3n de la que los habitantes del lugar acusaron a\npobladores de Santiago Yaitepec, situaci\u00f3n que revivi\u00f3 el conflicto que trajo\nconsigo dos meses de bloqueos intermitentes en la zona.<\/p>\n","protected":false},"excerpt":{"rendered":"<p>Redacci\u00f3n\/Zona Roja. Oaxaca de Ju\u00e1rez, Oax., 23 de octubre de 2019.- El p\u00e1rroco de la&hellip;<\/p>\n","protected":false},"author":2,"featured_media":5071,"comment_status":"closed","ping_status":"open","sticky":false,"template":"","format":"standard","meta":{"_lmt_disableupdate":"","_lmt_disable":"","_jetpack_memberships_contains_paid_content":false,"footnotes":""},"categories":[109,47],"tags":[906],"class_list":["post-5070","post","type-post","status-publish","format-standard","has-post-thumbnail","hentry","category-minuto-a-minuto","category-zona-gris","tag-jacinto-lopez-montano"],"jetpack_featured_media_url":"https:\/\/zonaroja.com.mx\/wp-content\/uploads\/2019\/10\/IMG_0707.jpg","jetpack_sharing_enabled":true,"_links":{"self":[{"href":"https:\/\/zonaroja.com.mx\/index.php?rest_route=\/wp\/v2\/posts\/5070","targetHints":{"allow":["GET"]}}],"collection":[{"href":"https:\/\/zonaroja.com.mx\/index.php?rest_route=\/wp\/v2\/posts"}],"about":[{"href":"https:\/\/zonaroja.com.mx\/index.php?rest_route=\/wp\/v2\/types\/post"}],"author":[{"embeddable":true,"href":"https:\/\/zonaroja.com.mx\/index.php?rest_route=\/wp\/v2\/users\/2"}],"replies":[{"embeddable":true,"href":"https:\/\/zonaroja.com.mx\/index.php?rest_route=%2Fwp%2Fv2%2Fcomments&post=5070"}],"version-history":[{"count":1,"href":"https:\/\/zonaroja.com.mx\/index.php?rest_route=\/wp\/v2\/posts\/5070\/revisions"}],"predecessor-version":[{"id":5072,"href":"https:\/\/zonaroja.com.mx\/index.php?rest_route=\/wp\/v2\/posts\/5070\/revisions\/5072"}],"wp:featuredmedia":[{"embeddable":true,"href":"https:\/\/zonaroja.com.mx\/index.php?rest_route=\/wp\/v2\/media\/5071"}],"wp:attachment":[{"href":"https:\/\/zonaroja.com.mx\/index.php?rest_route=%2Fwp%2Fv2%2Fmedia&parent=5070"}],"wp:term":[{"taxonomy":"category","embeddable":true,"href":"https:\/\/zonaroja.com.mx\/index.php?rest_route=%2Fwp%2Fv2%2Fcategories&post=5070"},{"taxonomy":"post_tag","embeddable":true,"href":"https:\/\/zonaroja.com.mx\/index.php?rest_route=%2Fwp%2Fv2%2Ftags&post=5070"}],"curies":[{"name":"wp","href":"https:\/\/api.w.org\/{rel}","templated":true}]}}