{"id":50708,"date":"2023-01-20T20:20:07","date_gmt":"2023-01-21T02:20:07","guid":{"rendered":"http:\/\/www.zonaroja.com.mx\/?p=50708"},"modified":"2023-01-20T20:20:10","modified_gmt":"2023-01-21T02:20:10","slug":"la-sspc-de-oaxaca-rebasada-hallan-decapitado-a-joven-desaparecido","status":"publish","type":"post","link":"https:\/\/zonaroja.com.mx\/?p=50708","title":{"rendered":"La SSPC de Oaxaca, rebasada: hallan decapitado a joven desaparecido"},"content":{"rendered":"\n<p>Ismael Garc\u00eda M.\/Zona Roja.<\/p>\n\n\n\n<p>Oaxaca de Ju\u00e1rez, Oax., a 220 de enero de 2023.- Luego de m\u00e1s de 24 horas de b\u00fasqueda tras su desaparici\u00f3n en San Pedro Pochutla, el cuerpo de Marco Antonio Almaraz Alonso fue hallado decapitado y con huellas de tortura.<\/p>\n\n\n\n<p>El joven de 20 a\u00f1os de edad hab\u00eda sido reportado oficialmente como desaparecido desde el 18 de enero, a bordo de su motocicleta marca Vento, color gris, en el barrio Segunda Secci\u00f3n Loma Larga, de Pochutla.<\/p>\n\n\n\n<p>Cuando fue visto por \u00faltima vez, vest\u00eda una playera azul, short negro, gorra color verde y andaba descalzo.<\/p>\n\n\n\n<p>Tras intensa b\u00fasqueda, en las primeras horas de este viernes se confirm\u00f3 la localizaci\u00f3n del cuerpo, de acuerdo con reportes policiacos, debajo del puente Chacalapilla, en la carretera Pochutla-Candelaria Loxicha.<\/p>\n\n\n\n<p>Presenta huellas de violencia y decapitaci\u00f3n y fue identificado por un tatuaje en el antebrazo derecho, con el nombre de \u201cNorma\u201d, adem\u00e1s de un lunar negro a la altura de la costilla derecha.<\/p>\n\n\n\n<p>La Fiscal\u00eda General del Estado de Oaxaca inici\u00f3 las indagatorias correspondientes y hasta ahora no tiene indicios del o de los probables responsables del crimen.<\/p>\n","protected":false},"excerpt":{"rendered":"<p>Ismael Garc\u00eda M.\/Zona Roja. Oaxaca de Ju\u00e1rez, Oax., a 220 de enero de 2023.- Luego&hellip;<\/p>\n","protected":false},"author":2,"featured_media":50709,"comment_status":"closed","ping_status":"open","sticky":false,"template":"","format":"standard","meta":{"_lmt_disableupdate":"","_lmt_disable":"","_jetpack_memberships_contains_paid_content":false,"footnotes":""},"categories":[109,51],"tags":[151],"class_list":["post-50708","post","type-post","status-publish","format-standard","has-post-thumbnail","hentry","category-minuto-a-minuto","category-zona-roja","tag-san-pedro-pochutla"],"jetpack_featured_media_url":"https:\/\/zonaroja.com.mx\/wp-content\/uploads\/2023\/01\/Marco-Antonio-Almaraz-Pochutla.jpg","jetpack_sharing_enabled":true,"_links":{"self":[{"href":"https:\/\/zonaroja.com.mx\/index.php?rest_route=\/wp\/v2\/posts\/50708","targetHints":{"allow":["GET"]}}],"collection":[{"href":"https:\/\/zonaroja.com.mx\/index.php?rest_route=\/wp\/v2\/posts"}],"about":[{"href":"https:\/\/zonaroja.com.mx\/index.php?rest_route=\/wp\/v2\/types\/post"}],"author":[{"embeddable":true,"href":"https:\/\/zonaroja.com.mx\/index.php?rest_route=\/wp\/v2\/users\/2"}],"replies":[{"embeddable":true,"href":"https:\/\/zonaroja.com.mx\/index.php?rest_route=%2Fwp%2Fv2%2Fcomments&post=50708"}],"version-history":[{"count":1,"href":"https:\/\/zonaroja.com.mx\/index.php?rest_route=\/wp\/v2\/posts\/50708\/revisions"}],"predecessor-version":[{"id":50710,"href":"https:\/\/zonaroja.com.mx\/index.php?rest_route=\/wp\/v2\/posts\/50708\/revisions\/50710"}],"wp:featuredmedia":[{"embeddable":true,"href":"https:\/\/zonaroja.com.mx\/index.php?rest_route=\/wp\/v2\/media\/50709"}],"wp:attachment":[{"href":"https:\/\/zonaroja.com.mx\/index.php?rest_route=%2Fwp%2Fv2%2Fmedia&parent=50708"}],"wp:term":[{"taxonomy":"category","embeddable":true,"href":"https:\/\/zonaroja.com.mx\/index.php?rest_route=%2Fwp%2Fv2%2Fcategories&post=50708"},{"taxonomy":"post_tag","embeddable":true,"href":"https:\/\/zonaroja.com.mx\/index.php?rest_route=%2Fwp%2Fv2%2Ftags&post=50708"}],"curies":[{"name":"wp","href":"https:\/\/api.w.org\/{rel}","templated":true}]}}