{"id":50711,"date":"2023-01-20T21:32:21","date_gmt":"2023-01-21T03:32:21","guid":{"rendered":"http:\/\/www.zonaroja.com.mx\/?p=50711"},"modified":"2023-01-20T21:32:28","modified_gmt":"2023-01-21T03:32:28","slug":"crece-consumo-de-alcohol-marihuana-y-cristal-entre-ninos-y-jovenes","status":"publish","type":"post","link":"https:\/\/zonaroja.com.mx\/?p=50711","title":{"rendered":"Crece consumo de alcohol, marihuana y cristal entre ni\u00f1os y j\u00f3venes"},"content":{"rendered":"\n<p>Ismael Garc\u00eda M.\/Zona Roja.<\/p>\n\n\n\n<p>Oaxaca de Ju\u00e1rez, Oax., a 20 de enero de 2023.- El consumo de estupefacientes y alcohol avanza en Oaxaca y ha llegado a alcanzar a ni\u00f1os de hasta 10 a\u00f1os, seg\u00fan datos del Centro de Integraci\u00f3n Juvenil (CIJ).<\/p>\n\n\n\n<p>Por ejemplo, nueve de cada diez pacientes que atienden dichas instancias del sector salud, han consumido alcohol; ocho de cada diez, con consumo de tabaco; siete de cada diez con consumo de mariguana y cinco de cada diez llegan con consumo de cristal.<\/p>\n\n\n\n<p>\u201cAhorita el cristal (droga sint\u00e9tica) es como muy alto. La poblaci\u00f3n que llega es de 15 a 24 a\u00f1os de edad, pero eso no quiere decir que atendamos nada m\u00e1s j\u00f3venes.&nbsp;<\/p>\n\n\n\n<p>\u201cAtendemos algunos casos de adultos, pero nos han llegado hasta de 10 a 14 a\u00f1os\u201d, revel\u00f3 la directora de los CIJ en el estado, Marisol G\u00f3mez, en el marco del anuncio del foro \u201cAlcoholismo y los medios de comunicaci\u00f3n\u201d, que organiza en conjunto con Alcoh\u00f3licos An\u00f3nimos Oaxaca.<\/p>\n\n\n\n<p>En ese contexto, exhort\u00f3 a los padres de familia para que, si requieren ayuda en medidas disciplinarias y protecci\u00f3n en el consumo de estupefacientes, se acerquen al Centro de Integraci\u00f3n Juvenil, cuya sede est\u00e1 en la zona de hospitales de San Bartolo Coyotepec, municipio ubicado al sur de la capital.<\/p>\n\n\n\n<p>\u201cDesafortunadamente no estamos preparados para ser pap\u00e1s o para ser mam\u00e1s; la escuela para padres podr\u00edamos decir que es la vida misma y ah\u00ed actuamos por ensayo y error.<\/p>\n\n\n\n<p>\u201cY porque como pap\u00e1s tambi\u00e9n traemos muchas cosas detr\u00e1s, como creencias, costumbres, problemas de salud mental en un momento dado, por la historia que vivimos atr\u00e1s, pero eso no quiere decir que ya se qued\u00f3 para siempre; las cosas pueden cambiar, si uno se acerca a buscar ayuda\u201d, expuso.<\/p>\n\n\n\n<p>Destac\u00f3 asimismo la ayuda de Alcoh\u00f3licos An\u00f3nimos en la labor de prevenci\u00f3n y recuperaci\u00f3n que realizan y en el CIJ hay incluso un grupo denominado \u201cNuevo Amanecer\u201d, que est\u00e1 por cumplir 20 a\u00f1os.<\/p>\n\n\n\n<p>La Vig\u00e9sima Octava Semana Nacional Compartiendo Esfuerzos denominada \u201cAlcoholismo y los Medios de Comunicaci\u00f3n\u00bb, organizada por la Central Mexicana de Servicios Generales de Alcoh\u00f3licos An\u00f3nimos Asociaci\u00f3n Civil, se desarrollar\u00e1 del lunes 23 al domingo 29 de enero del presente a\u00f1o, en diversas sedes de la capital.<\/p>\n\n\n\n<figure class=\"wp-block-embed is-type-rich is-provider-twitter wp-block-embed-twitter\"><div class=\"wp-block-embed__wrapper\">\n<div class=\"twitter-tweet\"><blockquote class=\"twitter-tweet\" data-lang=\"es\"><p lang=\"es\" dir=\"ltr\">Durante la conferencia de prensa para dar a conocer el foro \u201cAlcoholismo y los medios de comunicaci\u00f3n\u201d, junto con  <a href=\"https:\/\/twitter.com\/AAMexico?ref_src=twsrc%5Etfw\">@AAMexico<\/a> \u00c1rea Local Oaxaca, la responsable de los Centros de Integraci\u00f3n Juvenil detall\u00f3 tambi\u00e9n las cifras nacionales sobre adicciones: <a href=\"https:\/\/t.co\/ODfRQqE3Mw\">pic.twitter.com\/ODfRQqE3Mw<\/a><\/p>&mdash; Zona Roja Oaxaca (@ZonaRoja_Oaxaca) <a href=\"https:\/\/twitter.com\/ZonaRoja_Oaxaca\/status\/1616500816600518658?ref_src=twsrc%5Etfw\">20 de enero de 2023<\/a><\/blockquote><\/div>\n<\/div><\/figure>\n","protected":false},"excerpt":{"rendered":"<p>Ismael Garc\u00eda M.\/Zona Roja. Oaxaca de Ju\u00e1rez, Oax., a 20 de enero de 2023.- El&hellip;<\/p>\n","protected":false},"author":2,"featured_media":50712,"comment_status":"closed","ping_status":"open","sticky":false,"template":"","format":"standard","meta":{"_lmt_disableupdate":"","_lmt_disable":"","_jetpack_memberships_contains_paid_content":false,"footnotes":""},"categories":[109,46],"tags":[3406],"class_list":["post-50711","post","type-post","status-publish","format-standard","has-post-thumbnail","hentry","category-minuto-a-minuto","category-zona-blanca","tag-alcoholicos-anonimos-a-c"],"jetpack_featured_media_url":"https:\/\/zonaroja.com.mx\/wp-content\/uploads\/2023\/01\/Centros-de-Integracion-Juvenil-y-Alcoholicos-Anonimos.jpg","jetpack_sharing_enabled":true,"_links":{"self":[{"href":"https:\/\/zonaroja.com.mx\/index.php?rest_route=\/wp\/v2\/posts\/50711","targetHints":{"allow":["GET"]}}],"collection":[{"href":"https:\/\/zonaroja.com.mx\/index.php?rest_route=\/wp\/v2\/posts"}],"about":[{"href":"https:\/\/zonaroja.com.mx\/index.php?rest_route=\/wp\/v2\/types\/post"}],"author":[{"embeddable":true,"href":"https:\/\/zonaroja.com.mx\/index.php?rest_route=\/wp\/v2\/users\/2"}],"replies":[{"embeddable":true,"href":"https:\/\/zonaroja.com.mx\/index.php?rest_route=%2Fwp%2Fv2%2Fcomments&post=50711"}],"version-history":[{"count":1,"href":"https:\/\/zonaroja.com.mx\/index.php?rest_route=\/wp\/v2\/posts\/50711\/revisions"}],"predecessor-version":[{"id":50713,"href":"https:\/\/zonaroja.com.mx\/index.php?rest_route=\/wp\/v2\/posts\/50711\/revisions\/50713"}],"wp:featuredmedia":[{"embeddable":true,"href":"https:\/\/zonaroja.com.mx\/index.php?rest_route=\/wp\/v2\/media\/50712"}],"wp:attachment":[{"href":"https:\/\/zonaroja.com.mx\/index.php?rest_route=%2Fwp%2Fv2%2Fmedia&parent=50711"}],"wp:term":[{"taxonomy":"category","embeddable":true,"href":"https:\/\/zonaroja.com.mx\/index.php?rest_route=%2Fwp%2Fv2%2Fcategories&post=50711"},{"taxonomy":"post_tag","embeddable":true,"href":"https:\/\/zonaroja.com.mx\/index.php?rest_route=%2Fwp%2Fv2%2Ftags&post=50711"}],"curies":[{"name":"wp","href":"https:\/\/api.w.org\/{rel}","templated":true}]}}