{"id":50724,"date":"2023-01-21T10:09:00","date_gmt":"2023-01-21T16:09:00","guid":{"rendered":"http:\/\/www.zonaroja.com.mx\/?p=50724"},"modified":"2023-01-21T07:11:58","modified_gmt":"2023-01-21T13:11:58","slug":"revuelta-social-en-peru-contra-presidenta-deja-45-muertos","status":"publish","type":"post","link":"https:\/\/zonaroja.com.mx\/?p=50724","title":{"rendered":"Revuelta social en Per\u00fa contra Presidenta deja 45 muertos"},"content":{"rendered":"\n<p>Redacci\u00f3n\/Zona Roja Cdmx.<\/p>\n\n\n\n<p>Ciudad de M\u00e9xico, a 21 de enero de 2023.- Nuevos enfrentamientos en regiones del norte y sur de Per\u00fa se produjeron este viernes en medio de nuevas manifestaciones en Lima contra la presidenta Dina Boluarte, que no dan tregua pese a los 45 muertos que dejan desde su inicio en diciembre<\/p>\n\n\n\n<p>Los choques se concentraron en las regiones La Libertad (norte), Arequipa y Puno (sur), con bloqueos de carreteras y batallas campales entre los manifestantes, que lanzaban piedras con hondas, y la polic\u00eda, que repel\u00eda con gases lacrim\u00f3genos.<\/p>\n\n\n\n<p>En la regi\u00f3n de Puno, una turba quem\u00f3 la comisar\u00eda del distrito de Zepita e incendi\u00f3 un puesto aduanero en Desaguadero, en la frontera con Bolivia, inform\u00f3 la televisi\u00f3n local.<\/p>\n\n\n\n<p>En Arequipa, segunda ciudad de Per\u00fa, decenas de pobladores intentaron por segundo d\u00eda consecutivo de invadir la pista de aterrizaje del aeropuerto, cerrado y resguardado por fuerzas del orden desde el jueves.<\/p>\n\n\n\n<p>En tanto, miles de manifestantes desfilaban desde la tarde por Lima coreando a viva voz: \u00ab\u00a1Dina asesina!\u00bb,\u00bb\u00a1Esta democracia no es una democracia!, \u00a1Dina el pueblo te repudia!\u00bb.<\/p>\n\n\n\n<p>Con una bandera de Yunguyo (pueblo al borde del lago Titicaca en la frontera con Bolivia) a la espalda y ataviada con un sombrero de paja blanco, Olga Mamani, de 50 a\u00f1os, afirma: \u00abQueremos la renuncia de Dina. Si ella no renuncia, el pueblo no estar\u00e1 en paz\u00bb.<\/p>\n\n\n\n<p>La hoja de coca nos da fuerza para esta lucha que hemos iniciado, queremos que renuncie Dina y se cierre el Congreso (&#8230;) vamos a estar ac\u00e1 hasta las \u00faltimas consecuencias\u00bb, dice de su lado Antonio Huam\u00e1n, un campesino de 45 a\u00f1os con el rostro surcado, que lleg\u00f3 desde Andahuaylas, epicentro de las manifestaciones en diciembre.<\/p>\n\n\n\n<p>El gobierno declar\u00f3 el jueves el estado de emergencia en siete de las 25 regiones del pa\u00eds -incluyendo la capital y zonas del norte y sur del pa\u00eds- hasta mediados de febrero, habilitando as\u00ed la intervenci\u00f3n militar junto a la polic\u00eda para controlar el orden p\u00fablico.<\/p>\n\n\n\n<p>Los disturbios se han cobrado 45 vidas -44 civiles y un polic\u00eda- desde el 7 de diciembre, tras la destituci\u00f3n y detenci\u00f3n del presidente de izquierda y de origen ind\u00edgena Pedro Castillo, acusado de haber intentado un golpe de Estado al querer disolver el Congreso -controlado por la derecha- que estaba a punto de sacarlo del poder por presunta corrupci\u00f3n.<\/p>\n\n\n\n<p>Fue reemplazado por Boluarte, quien fung\u00eda como vicepresidenta, pero es vista como \u00abtraidora\u00bb por los manifestantes.<\/p>\n\n\n\n<p>Los organizadores aseguran que las movilizaciones no cesar\u00e1n hasta lograr la dimisi\u00f3n de la presidenta Boluarte.<\/p>\n\n\n\n<p>La lucha va a continuar en todas las regiones hasta lograr la renuncia de Boluarte y los otros puntos de la agenda, como las elecciones este mismo a\u00f1o y el referendo para la (Asamblea) Constituyente\u00bb,&nbsp;declar\u00f3 a la AFP el secretario general de la Confederaci\u00f3n General de Trabajadores del Per\u00fa (CGTP), Ger\u00f3nimo L\u00f3pez.<\/p>\n\n\n\n<p>La noche del jueves, Boluarte volvi\u00f3 a llamar a la calma, en un mensaje emitido por la televisi\u00f3n estatal.<\/p>\n\n\n\n<p>(Informaci\u00f3n de agencias internacionales en \u201cExc\u00e9lsior\u201d)<\/p>\n","protected":false},"excerpt":{"rendered":"<p>Redacci\u00f3n\/Zona Roja Cdmx. Ciudad de M\u00e9xico, a 21 de enero de 2023.- Nuevos enfrentamientos en&hellip;<\/p>\n","protected":false},"author":2,"featured_media":50725,"comment_status":"closed","ping_status":"open","sticky":false,"template":"","format":"standard","meta":{"_lmt_disableupdate":"","_lmt_disable":"","_jetpack_memberships_contains_paid_content":false,"footnotes":""},"categories":[109,47],"tags":[3407],"class_list":["post-50724","post","type-post","status-publish","format-standard","has-post-thumbnail","hentry","category-minuto-a-minuto","category-zona-gris","tag-protestas-peru"],"jetpack_featured_media_url":"https:\/\/zonaroja.com.mx\/wp-content\/uploads\/2023\/01\/Disturbios-protestas-Peru.jpeg","jetpack_sharing_enabled":true,"_links":{"self":[{"href":"https:\/\/zonaroja.com.mx\/index.php?rest_route=\/wp\/v2\/posts\/50724","targetHints":{"allow":["GET"]}}],"collection":[{"href":"https:\/\/zonaroja.com.mx\/index.php?rest_route=\/wp\/v2\/posts"}],"about":[{"href":"https:\/\/zonaroja.com.mx\/index.php?rest_route=\/wp\/v2\/types\/post"}],"author":[{"embeddable":true,"href":"https:\/\/zonaroja.com.mx\/index.php?rest_route=\/wp\/v2\/users\/2"}],"replies":[{"embeddable":true,"href":"https:\/\/zonaroja.com.mx\/index.php?rest_route=%2Fwp%2Fv2%2Fcomments&post=50724"}],"version-history":[{"count":1,"href":"https:\/\/zonaroja.com.mx\/index.php?rest_route=\/wp\/v2\/posts\/50724\/revisions"}],"predecessor-version":[{"id":50726,"href":"https:\/\/zonaroja.com.mx\/index.php?rest_route=\/wp\/v2\/posts\/50724\/revisions\/50726"}],"wp:featuredmedia":[{"embeddable":true,"href":"https:\/\/zonaroja.com.mx\/index.php?rest_route=\/wp\/v2\/media\/50725"}],"wp:attachment":[{"href":"https:\/\/zonaroja.com.mx\/index.php?rest_route=%2Fwp%2Fv2%2Fmedia&parent=50724"}],"wp:term":[{"taxonomy":"category","embeddable":true,"href":"https:\/\/zonaroja.com.mx\/index.php?rest_route=%2Fwp%2Fv2%2Fcategories&post=50724"},{"taxonomy":"post_tag","embeddable":true,"href":"https:\/\/zonaroja.com.mx\/index.php?rest_route=%2Fwp%2Fv2%2Ftags&post=50724"}],"curies":[{"name":"wp","href":"https:\/\/api.w.org\/{rel}","templated":true}]}}