{"id":50727,"date":"2023-01-21T09:14:00","date_gmt":"2023-01-21T15:14:00","guid":{"rendered":"http:\/\/www.zonaroja.com.mx\/?p=50727"},"modified":"2023-01-21T07:21:32","modified_gmt":"2023-01-21T13:21:32","slug":"opaca-declaracion-patrimonial-de-jara-cruz-se-contradice","status":"publish","type":"post","link":"https:\/\/zonaroja.com.mx\/?p=50727","title":{"rendered":"Opaca declaraci\u00f3n patrimonial de Jara Cruz; se contradice"},"content":{"rendered":"\n<p>Yuridiana Sosa\/Zona Roja.<\/p>\n\n\n\n<p>Oaxaca de Ju\u00e1rez, Oax., 21 de enero de 2023.- Pese a que mantiene un discurso de transparencia, el gobernador de Oaxaca, Salom\u00f3n Jara Cruz, emiti\u00f3 ante la Secretar\u00eda de Honestidad, Transparencia y Funci\u00f3n P\u00fablica del estado una declaraci\u00f3n patrimonial escueta, ocultando bienes y que contradice a la declarada anteriormente.<\/p>\n\n\n\n<p>De acuerdo con la declaraci\u00f3n del mandatario del estado, realizada el pasado 18 de enero de este a\u00f1o, tiene un ingreso mensual neto de 108 mil 431 pesos y como propiedades s\u00f3lo declara dos casas adquiridas desde hace 30 y 35 a\u00f1os.<\/p>\n\n\n\n<p>La versi\u00f3n p\u00fablica de la declaraci\u00f3n informa que el ingreso de la pareja y\/o dependientes econ\u00f3micos es un dato reservado.<\/p>\n\n\n\n<p>En el apartado de \u201cBienes Inmuebles del Declarante, Pareja y\/o Dependientes Econ\u00f3micos\u201d, Jara Cruz dice contar con s\u00f3lo dos casas, una adquirida en 1988 y otra en 1993. Adem\u00e1s, en pertenec\u00edas de veh\u00edculos, declar\u00f3 \u201cautom\u00f3vil\/motocicleta\u201d.<\/p>\n\n\n\n<p>Salom\u00f3n Jara tambi\u00e9n declar\u00f3 en el punto de \u201cBienes muebles del declarante, pareja y\/o dependientes econ\u00f3micos\u201d contar con \u201cmaneje de casa (muebles y accesorios de casa)\u201d adquirido desde 1993.<\/p>\n\n\n\n<p>El reporte de la declaraci\u00f3n refiere que el gobernador de Oaxaca cuenta con una cuenta bancaria para una cuenta de ahorro en pesos mexicanos y otra cuenta bancaria de n\u00f3mina en pesos mexicanos, pero sin especificar cantidades.<\/p>\n\n\n\n<p>CONTRADICTORIA<\/p>\n\n\n\n<p>Adem\u00e1s de ser una escueta declaraci\u00f3n, tambi\u00e9n es contraria a la que present\u00f3 en 2020 ante el Senado de la Rep\u00fablica.<\/p>\n\n\n\n<p>Como candidato a la gubernatura de Oaxaca, en el proceso electoral de 2022, Salom\u00f3n Jara Cruz omiti\u00f3 realizar su declaraci\u00f3n patrimonial como parte de la \u201cIniciativa por la Integridad Tres de Tres\u201d.<\/p>\n\n\n\n<p>De acuerdo con la declaraci\u00f3n exhibida por el medio internacional de investigaci\u00f3n \u201cInfobae\u201d, como Senador Jara Cruz inform\u00f3 que no contaba ni con propiedades, veh\u00edculos ni bienes muebles, as\u00ed como solo vivir de sus dietas.<\/p>\n\n\n\n<p>La declaraci\u00f3n del ahora gobernador de Oaxaca como Senador es de septiembre de 2020, en la que declar\u00f3 en bienes inmuebles, veh\u00edculo y bienes muebles contar con \u201cninguno\u201d. Mientras que sobre \u201cInversiones, cuentas bancarias y otro tipo de valores\/activos\u201d, \u00fanicamente report\u00f3 que tiene dos cuentas bancarias, sin detalles de estas.<\/p>\n\n\n\n<p>Tambi\u00e9n dijo que no percib\u00eda un salario o el cual era de \u201ccero\u201d pesos, pero s\u00ed percib\u00eda como ingreso adicional una dieta por el monto neto de 52 mil 812.56 pesos quincenales, equivalentes a 105 mil 625.12 pesos al mes.<\/p>\n\n\n\n<p><\/p>\n","protected":false},"excerpt":{"rendered":"<p>Yuridiana Sosa\/Zona Roja. Oaxaca de Ju\u00e1rez, Oax., 21 de enero de 2023.- Pese a que&hellip;<\/p>\n","protected":false},"author":2,"featured_media":45675,"comment_status":"closed","ping_status":"open","sticky":false,"template":"","format":"standard","meta":{"_lmt_disableupdate":"","_lmt_disable":"","_jetpack_memberships_contains_paid_content":false,"footnotes":""},"categories":[109,47],"tags":[939],"class_list":["post-50727","post","type-post","status-publish","format-standard","has-post-thumbnail","hentry","category-minuto-a-minuto","category-zona-gris","tag-salomon-jara-cruz"],"jetpack_featured_media_url":"https:\/\/zonaroja.com.mx\/wp-content\/uploads\/2022\/09\/Salomon-Jara-Cruz.jpeg","jetpack_sharing_enabled":true,"_links":{"self":[{"href":"https:\/\/zonaroja.com.mx\/index.php?rest_route=\/wp\/v2\/posts\/50727","targetHints":{"allow":["GET"]}}],"collection":[{"href":"https:\/\/zonaroja.com.mx\/index.php?rest_route=\/wp\/v2\/posts"}],"about":[{"href":"https:\/\/zonaroja.com.mx\/index.php?rest_route=\/wp\/v2\/types\/post"}],"author":[{"embeddable":true,"href":"https:\/\/zonaroja.com.mx\/index.php?rest_route=\/wp\/v2\/users\/2"}],"replies":[{"embeddable":true,"href":"https:\/\/zonaroja.com.mx\/index.php?rest_route=%2Fwp%2Fv2%2Fcomments&post=50727"}],"version-history":[{"count":1,"href":"https:\/\/zonaroja.com.mx\/index.php?rest_route=\/wp\/v2\/posts\/50727\/revisions"}],"predecessor-version":[{"id":50728,"href":"https:\/\/zonaroja.com.mx\/index.php?rest_route=\/wp\/v2\/posts\/50727\/revisions\/50728"}],"wp:featuredmedia":[{"embeddable":true,"href":"https:\/\/zonaroja.com.mx\/index.php?rest_route=\/wp\/v2\/media\/45675"}],"wp:attachment":[{"href":"https:\/\/zonaroja.com.mx\/index.php?rest_route=%2Fwp%2Fv2%2Fmedia&parent=50727"}],"wp:term":[{"taxonomy":"category","embeddable":true,"href":"https:\/\/zonaroja.com.mx\/index.php?rest_route=%2Fwp%2Fv2%2Fcategories&post=50727"},{"taxonomy":"post_tag","embeddable":true,"href":"https:\/\/zonaroja.com.mx\/index.php?rest_route=%2Fwp%2Fv2%2Ftags&post=50727"}],"curies":[{"name":"wp","href":"https:\/\/api.w.org\/{rel}","templated":true}]}}