{"id":5073,"date":"2019-10-23T18:45:25","date_gmt":"2019-10-23T23:45:25","guid":{"rendered":"http:\/\/www.zonaroja.com.mx\/?p=5073"},"modified":"2019-10-23T21:11:55","modified_gmt":"2019-10-24T02:11:55","slug":"enfrenta-titular-de-sspo-dos-dias-de-protesta-en-vispera-de-visita-de-gertz-manero","status":"publish","type":"post","link":"https:\/\/zonaroja.com.mx\/?p=5073","title":{"rendered":"Enfrenta titular de SSPO dos d\u00edas de protesta, en v\u00edspera de visita de Alfonso Durazo"},"content":{"rendered":"\n<p>Redacci\u00f3n\/Zona Roja.<\/p>\n\n\n\n<p>Oaxaca de Ju\u00e1rez, Oax., 23 de octubre de 2019.- El titular de la Secretar\u00eda de Seguridad P\u00fablica de Oaxaca (SSPO), Ra\u00fal Ernesto Salcedo, enfrenta dos d\u00edas de protesta por parte de empleados, en la v\u00edspera de la visita de Alfonso Durazo, secretario de Seguridad y Protecci\u00f3n Ciudadana.<\/p>\n\n\n\n<p>Este mediod\u00eda, trabajadores administrativos\nsindicalizados adscritos a la Polic\u00eda Estatal, cerraron las oficinas de la\nOficial\u00eda Mayor, para exigir el pago de prestaciones laborales.<\/p>\n\n\n\n<p>De acuerdo con su delegado sindical, Hugo Baz\u00e1n, la autoridad les ha enga\u00f1ado en diversas ocasiones y no dan respuesta para atender sus demandas ya pactadas como los apoyos por el D\u00eda del Empleado.<\/p>\n\n\n\n<figure class=\"wp-block-embed-twitter wp-block-embed is-type-rich is-provider-twitter\"><div class=\"wp-block-embed__wrapper\">\n<div class=\"twitter-tweet\"><blockquote class=\"twitter-tweet\" data-lang=\"es\"><p lang=\"es\" dir=\"ltr\"><a href=\"https:\/\/twitter.com\/hashtag\/OaxacaGris?src=hash&amp;ref_src=twsrc%5Etfw\">#OaxacaGris<\/a><br>De nueva cuenta, trabajadores de la <a href=\"https:\/\/twitter.com\/SSP_GobOax?ref_src=twsrc%5Etfw\">@SSP_GobOax<\/a>, ahora de la <a href=\"https:\/\/twitter.com\/Policia_GobOax?ref_src=twsrc%5Etfw\">@Policia_GobOax<\/a>, protestaron contra el titular, Ra\u00fal Ernesto Salcedo, por retraso en el pago de prestaciones. Ayer denunciaron lo mismo empleados adscritos al reclusorio de Ixcotel. <a href=\"https:\/\/t.co\/cEVgVMjJqP\">pic.twitter.com\/cEVgVMjJqP<\/a><\/p>&mdash; Zona Roja Oaxaca (@MexRoja) <a href=\"https:\/\/twitter.com\/MexRoja\/status\/1187107122837766144?ref_src=twsrc%5Etfw\">23 de octubre de 2019<\/a><\/blockquote><\/div>\n<\/div><\/figure>\n\n\n\n<p>Ayer fueron empleados de base de la\nPenitenciar\u00eda Central, ubicada en Santa Mar\u00eda Ixcotel, quienes tambi\u00e9n cerraron\ndurante todo el d\u00eda las instalaciones de la Oficial\u00eda Mayor, ubicada en la\ncalle Heroica Escuela Naval Militar, de la colonia Reforma, en la capital.<\/p>\n\n\n\n<p>Su representaci\u00f3n tambi\u00e9n se quej\u00f3 de\ndeficiencias en los tr\u00e1mites administrativos por parte de los mandos, como es\nel caso de atraso en el pago de la quincena. Se retiraron una vez que lograron\nla firma de un acuerdo para que no ocurra de nuevo dicha situaci\u00f3n.<\/p>\n\n\n\n<p>Alfonso Durazo estar\u00e1 este jueves en Oaxaca y ser\u00e1 en inmediaciones de Tlalixtac de Cabrera donde junto con funcionarios en materia de procuraci\u00f3n y seguridad, entregar\u00e1 m\u00e1s de 100 patrullas para diversas corporaciones.<\/p>\n\n\n\n<p>Los empleados de base preparan\nprotestas en caso de que no hay atenci\u00f3n puntual a sus demandas.<\/p>\n","protected":false},"excerpt":{"rendered":"<p>Redacci\u00f3n\/Zona Roja. Oaxaca de Ju\u00e1rez, Oax., 23 de octubre de 2019.- El titular de la&hellip;<\/p>\n","protected":false},"author":2,"featured_media":5074,"comment_status":"closed","ping_status":"open","sticky":false,"template":"","format":"standard","meta":{"_lmt_disableupdate":"","_lmt_disable":"","_jetpack_memberships_contains_paid_content":false,"footnotes":""},"categories":[109,47],"tags":[231,175],"class_list":["post-5073","post","type-post","status-publish","format-standard","has-post-thumbnail","hentry","category-minuto-a-minuto","category-zona-gris","tag-raul-ernesto-salcedo-rosales","tag-secretaria-de-seguridad-publica-de-oaxaca"],"jetpack_featured_media_url":"https:\/\/zonaroja.com.mx\/wp-content\/uploads\/2019\/10\/PHOTO-2019-10-23-18-38-57.jpg","jetpack_sharing_enabled":true,"_links":{"self":[{"href":"https:\/\/zonaroja.com.mx\/index.php?rest_route=\/wp\/v2\/posts\/5073","targetHints":{"allow":["GET"]}}],"collection":[{"href":"https:\/\/zonaroja.com.mx\/index.php?rest_route=\/wp\/v2\/posts"}],"about":[{"href":"https:\/\/zonaroja.com.mx\/index.php?rest_route=\/wp\/v2\/types\/post"}],"author":[{"embeddable":true,"href":"https:\/\/zonaroja.com.mx\/index.php?rest_route=\/wp\/v2\/users\/2"}],"replies":[{"embeddable":true,"href":"https:\/\/zonaroja.com.mx\/index.php?rest_route=%2Fwp%2Fv2%2Fcomments&post=5073"}],"version-history":[{"count":2,"href":"https:\/\/zonaroja.com.mx\/index.php?rest_route=\/wp\/v2\/posts\/5073\/revisions"}],"predecessor-version":[{"id":5081,"href":"https:\/\/zonaroja.com.mx\/index.php?rest_route=\/wp\/v2\/posts\/5073\/revisions\/5081"}],"wp:featuredmedia":[{"embeddable":true,"href":"https:\/\/zonaroja.com.mx\/index.php?rest_route=\/wp\/v2\/media\/5074"}],"wp:attachment":[{"href":"https:\/\/zonaroja.com.mx\/index.php?rest_route=%2Fwp%2Fv2%2Fmedia&parent=5073"}],"wp:term":[{"taxonomy":"category","embeddable":true,"href":"https:\/\/zonaroja.com.mx\/index.php?rest_route=%2Fwp%2Fv2%2Fcategories&post=5073"},{"taxonomy":"post_tag","embeddable":true,"href":"https:\/\/zonaroja.com.mx\/index.php?rest_route=%2Fwp%2Fv2%2Ftags&post=5073"}],"curies":[{"name":"wp","href":"https:\/\/api.w.org\/{rel}","templated":true}]}}