{"id":50735,"date":"2023-01-21T15:07:00","date_gmt":"2023-01-21T21:07:00","guid":{"rendered":"http:\/\/www.zonaroja.com.mx\/?p=50735"},"modified":"2023-01-21T15:26:16","modified_gmt":"2023-01-21T21:26:16","slug":"pend-20","status":"publish","type":"post","link":"https:\/\/zonaroja.com.mx\/?p=50735","title":{"rendered":"Decreta juez de Oaxaca libertad para Juan Antonio Vera Carrizal"},"content":{"rendered":"\n<p>Redacci\u00f3n\/Zona Roja.<\/p>\n\n\n\n<p>Oaxaca de Ju\u00e1rez, Oax., a 21 de enero de 2023.- Te\u00f3dulo Pacheco Pacheco,&nbsp; juez del Poder Judicial de Oaxaca, decret\u00f3 esta tarde la libertad para Juan Antonio Vera Carrizal, acusado de ser el autor intelectual del ataque con \u00e1cido en contra de Mar\u00eda Elena R\u00edos Ortiz.<\/p>\n\n\n\n<p>\u201cCon una audiencia maquillada y un acuerdo pactado hoy, mi agresor a (sic) quedado libre. Esto es M\u00e9xico\u201d, dio a conocer la v\u00edctima a trav\u00e9s de sus redes sociales, alrededor de las 14:57 horas.<\/p>\n\n\n\n<p>La decisi\u00f3n se tom\u00f3 luego de seis d\u00edas de audiencia virtual, en que R\u00edos Ortiz acus\u00f3 \u201cviolencia institucional\u201d, por los constantes retrasos y postergaciones de la audiencia.<\/p>\n\n\n\n<p>Hasta el momento no se ha dado a conocer el argumento del juez y la modalidad en que continuar\u00e1 el juicio, o si Vera Carrizal fue exculpado en defectiva del delito que se le imputa.<\/p>\n\n\n\n<p>Mar\u00eda Elena R\u00edos Ortiz fue v\u00edctima de ataque con \u00e1cido en Huajuapan de Le\u00f3n, el 9 de septiembre del a\u00f1o 2019. Tras ello fueron detenidas en total tres personas, acusadas como autores materiales, una de las cuales muri\u00f3 en prisi\u00f3n.<\/p>\n\n\n\n<p>El empresario gasolinero y ex diputado local por el PRI se entreg\u00f3 a la Secretar\u00eda de Seguridad P\u00fablica el lunes 6 de abril del a\u00f1o 2020, tras los se\u00f1alamientos en su contra.<\/p>\n\n\n\n<p>La v\u00edctima insisti\u00f3 desde entonces en la detenci\u00f3n de Juan Antonio V. H., hijo del due\u00f1o de una docena de gasolineras en el estado, incluyendo en la capital.<\/p>\n\n\n\n<p>La liberaci\u00f3n se da en el sexenio del morenista Salom\u00f3n Jara Cruz, quien ha prometido que no habr\u00e1 impunidad y se aplicar\u00e1 la justicia en contra de quienes sean v\u00edctimas de delitos en Oaxaca.<\/p>\n\n\n\n<figure class=\"wp-block-embed is-type-rich is-provider-twitter wp-block-embed-twitter\"><div class=\"wp-block-embed__wrapper\">\n<div class=\"twitter-tweet\"><blockquote class=\"twitter-tweet\" data-lang=\"es\"><p lang=\"es\" dir=\"ltr\">Con una audiencia maquillada y un acuerdo pactado hoy, mi agresor a quedado libre.<br><br>Esto es <a href=\"https:\/\/twitter.com\/hashtag\/mexico?src=hash&amp;ref_src=twsrc%5Etfw\">#mexico<\/a> \ud83c\uddf2\ud83c\uddfd<\/p>&mdash; \u2022\ud835\udc04\ud835\udc25\ud835\udc1e\ud835\udc27\ud835\udc1a \ud835\udc11i\u0301\ud835\udc28\ud835\udc2c \ud83c\udfb7 (@_ElenaRios) <a href=\"https:\/\/twitter.com\/_ElenaRios\/status\/1616902761496383490?ref_src=twsrc%5Etfw\">21 de enero de 2023<\/a><\/blockquote><\/div>\n<\/div><\/figure>\n","protected":false},"excerpt":{"rendered":"<p>Redacci\u00f3n\/Zona Roja. Oaxaca de Ju\u00e1rez, Oax., a 21 de enero de 2023.- Te\u00f3dulo Pacheco Pacheco,&nbsp;&hellip;<\/p>\n","protected":false},"author":2,"featured_media":50739,"comment_status":"closed","ping_status":"open","sticky":false,"template":"","format":"standard","meta":{"_lmt_disableupdate":"","_lmt_disable":"","_jetpack_memberships_contains_paid_content":false,"footnotes":""},"categories":[109,47],"tags":[1124],"class_list":["post-50735","post","type-post","status-publish","format-standard","has-post-thumbnail","hentry","category-minuto-a-minuto","category-zona-gris","tag-maria-elena-rios-ortiz"],"jetpack_featured_media_url":"https:\/\/zonaroja.com.mx\/wp-content\/uploads\/2023\/01\/Juan-Antonio-Vera-Carrizal-y-Maria-Elena-Rios.webp","jetpack_sharing_enabled":true,"_links":{"self":[{"href":"https:\/\/zonaroja.com.mx\/index.php?rest_route=\/wp\/v2\/posts\/50735","targetHints":{"allow":["GET"]}}],"collection":[{"href":"https:\/\/zonaroja.com.mx\/index.php?rest_route=\/wp\/v2\/posts"}],"about":[{"href":"https:\/\/zonaroja.com.mx\/index.php?rest_route=\/wp\/v2\/types\/post"}],"author":[{"embeddable":true,"href":"https:\/\/zonaroja.com.mx\/index.php?rest_route=\/wp\/v2\/users\/2"}],"replies":[{"embeddable":true,"href":"https:\/\/zonaroja.com.mx\/index.php?rest_route=%2Fwp%2Fv2%2Fcomments&post=50735"}],"version-history":[{"count":3,"href":"https:\/\/zonaroja.com.mx\/index.php?rest_route=\/wp\/v2\/posts\/50735\/revisions"}],"predecessor-version":[{"id":50741,"href":"https:\/\/zonaroja.com.mx\/index.php?rest_route=\/wp\/v2\/posts\/50735\/revisions\/50741"}],"wp:featuredmedia":[{"embeddable":true,"href":"https:\/\/zonaroja.com.mx\/index.php?rest_route=\/wp\/v2\/media\/50739"}],"wp:attachment":[{"href":"https:\/\/zonaroja.com.mx\/index.php?rest_route=%2Fwp%2Fv2%2Fmedia&parent=50735"}],"wp:term":[{"taxonomy":"category","embeddable":true,"href":"https:\/\/zonaroja.com.mx\/index.php?rest_route=%2Fwp%2Fv2%2Fcategories&post=50735"},{"taxonomy":"post_tag","embeddable":true,"href":"https:\/\/zonaroja.com.mx\/index.php?rest_route=%2Fwp%2Fv2%2Ftags&post=50735"}],"curies":[{"name":"wp","href":"https:\/\/api.w.org\/{rel}","templated":true}]}}