{"id":50743,"date":"2023-01-21T19:20:39","date_gmt":"2023-01-22T01:20:39","guid":{"rendered":"http:\/\/www.zonaroja.com.mx\/?p=50743"},"modified":"2023-01-21T19:20:43","modified_gmt":"2023-01-22T01:20:43","slug":"registra-oaxaca-unos-145-asesinatos-en-primeros-50-dias-del-gobierno-de-jara","status":"publish","type":"post","link":"https:\/\/zonaroja.com.mx\/?p=50743","title":{"rendered":"Registra Oaxaca unos 145 asesinatos en primeros 50 d\u00edas del gobierno de Jara&nbsp;"},"content":{"rendered":"\n<p>David Ju\u00e1rez\/Zona Roja.<\/p>\n\n\n\n<p>Oaxaca de Ju\u00e1rez, Oax., a 21 de enero de 2022.- Un total de 145 asesinatos se han suscitado en Oaxaca durante diciembre de 2022 y los primeros 19 d\u00edas de 2023; es decir, los primeros 50 d\u00edas del gobierno del morenista Salom\u00f3n Jara Cruz.<\/p>\n\n\n\n<p>De acuerdo con el Grupo Interinstitucional del gobierno federal de Andr\u00e9s Manuel L\u00f3pez Obrador y con el Secretariado Ejecutivo del Sistema Nacional de Seguridad P\u00fablica (SESNSP), &nbsp;la incidencia del delito de homicidio doloso aument\u00f3 de 2.8 hechos diarios, en diciembre &#8211;el primer mes del nuevo gobierno oaxaque\u00f1o&#8211; a 3.0 en lo que va de enero.<\/p>\n\n\n\n<p>Durante los primeros 50 d\u00edas de la actual administraci\u00f3n, la pol\u00edtica de seguridad, a cargo del secretario, Iv\u00e1n Garc\u00eda \u00c1lvarez, no ha podido contener y menos disminuir la espiral de violencia heredada por el hoy ex mandatario priista Alejandro Murat Hinojosa, cuyos \u00faltimos dos meses (octubre y noviembre) de su administraci\u00f3n reportaron una incidencia diaria de 3.3 y 2.1 cr\u00edmenes de personas.<\/p>\n\n\n\n<p>No obstante, el gobierno muratista contin\u00faa ostentando la cifra m\u00e1s alta de asesinatos de los \u00faltimos 13 meses, con 104 v\u00edctimas documentadas en octubre de 2022.<\/p>\n\n\n\n<p>Despu\u00e9s de la cifra r\u00e9cord en n\u00famero de asesinatos suscitada hace tres meses, la tendencia disminuy\u00f3 a 65 casos durante noviembre, \u00faltimo mes del sexenio del PRI, pero a partir de la llegada de Jara al poder, la cantidad volvi\u00f3 a incrementarse: 87 en diciembre (2.8 muertos al d\u00eda) y 58 en enero (3.0 personas ejecutadas cada 24 horas).<\/p>\n\n\n\n<p>De continuar con la actual tendencia, enero de 2023 podr\u00eda concluir con 94 cr\u00edmenes de personas, lo que lo convertir\u00eda en el segundo &nbsp;m\u00e1s violento de los \u00faltimos 13 meses.<\/p>\n\n\n\n<p>\u00danicamente en lo que respecta a los primeros 50 d\u00edas del nuevo r\u00e9gimen estatal, el Grupo Interinstitucional de Seguridad P\u00fablica del gobierno federal, report\u00f3 que los d\u00edas m\u00e1s violentos han sido el 16 y 18 de diciembre, con un total de siete personas asesinadas durante cada uno de esos periodos de 24 horas.<\/p>\n\n\n\n<p>Mientras tanto, las segundas jornadas m\u00e1s violentas ocurrieron el dos de diciembre, cinco de diciembre, 13 enero y 19 de enero, con seis ejecuciones notificadas por parte de la Fiscal\u00eda General del Estado de Oaxaca.<\/p>\n\n\n\n<p>REGIDORA ASESINADA<\/p>\n\n\n\n<p>El jueves 19 de enero, la regidora de Comercio de Tapanatepec, en la regi\u00f3n del Istmo, Heidi Candelaria Lagunes, de aproximadamente 40 a\u00f1os de edad y regidora de Comercio del municipio istme\u00f1o de Tapanatepec, fue asesinada a tiros.<\/p>\n\n\n\n<p>De acuerdo con testigos, el crimen ocurri\u00f3 en un negocio del Barrio de las Flores, donde el ataque fue directo para acabar con la vida de la concejal af\u00edn a Morena.<\/p>\n\n\n\n<p>La regidora en estado grave fue llevada a una cl\u00ednica, d\u00f3nde finalmente muri\u00f3. Un adolescente que se encontraba en el lugar de los hechos junto con la v\u00edctima result\u00f3 lesionado.<\/p>\n\n\n\n<p>CUERPOS CALCINADOS<\/p>\n\n\n\n<p>Horas antes, en San Francisco Telixtlahuaca, en la regi\u00f3n de Valles Centrales, &nbsp;fueron hallados tres cad\u00e1veres aparentemente calcinados, en inmediaciones de un basurero ubicado en la agencia Ojo de Agua.<\/p>\n\n\n\n<p>Los cuerpos fueron encontrados despu\u00e9s de que se report\u00f3 un incendio y al lugar acudieron autoridades estatales, municipales y ciudadanos, quienes al combatir los llamas se dieron cuenta de la existencia de los restos de dos hombres y una mujer.<\/p>\n\n\n\n<p>La Fiscal\u00eda General del Estado de Oaxaca, que permanece sin titular desde la renuncia de Arturo Peimbert Calvo, el pasado 23 de diciembre, confirm\u00f3 el hallazgo.<\/p>\n\n\n\n<p>Junto con los restos, en el lugar fueron encontradas llantas que probablemente, junto con alg\u00fan solvente, fueron utilizadas para incinerar los cuerpos de las v\u00edctimas.<\/p>\n\n\n\n<p>JOVEN TORTURADO<\/p>\n\n\n\n<p>Por si fuera poco, este viernes fue localizado sin vida un joven desaparecido en San Pedro Pochutla desde el pasado 18 de enero.<\/p>\n\n\n\n<p>Los restos de la v\u00edctima, identificada como Marco Antonio Almaraz Alonso, de 20 a\u00f1os de edad, fueron encontrados en la entrada del R\u00edo del Puente Chacalapilla entre Candelaria Loxicha y Pochutla.<\/p>\n\n\n\n<p>Las autoridades reportaron que el joven fue decapitado y adem\u00e1s presentaba otras se\u00f1as de tortura.<\/p>\n\n\n\n<p>&nbsp;El joven de 20 a\u00f1os de edad hab\u00eda sido reportado oficialmente como desaparecido desde el 18 de enero, a bordo de su motocicleta marca Vento, color gris, en el barrio Segunda Secci\u00f3n Loma Larga, de Pochutla.<\/p>\n","protected":false},"excerpt":{"rendered":"<p>David Ju\u00e1rez\/Zona Roja. Oaxaca de Ju\u00e1rez, Oax., a 21 de enero de 2022.- Un total&hellip;<\/p>\n","protected":false},"author":2,"featured_media":48309,"comment_status":"closed","ping_status":"open","sticky":false,"template":"","format":"standard","meta":{"_lmt_disableupdate":"","_lmt_disable":"","_jetpack_memberships_contains_paid_content":false,"footnotes":""},"categories":[109,47],"tags":[964],"class_list":["post-50743","post","type-post","status-publish","format-standard","has-post-thumbnail","hentry","category-minuto-a-minuto","category-zona-gris","tag-violencia-oaxaca"],"jetpack_featured_media_url":"https:\/\/zonaroja.com.mx\/wp-content\/uploads\/2022\/11\/Escena-crimen-violencia-homicidio.jpg","jetpack_sharing_enabled":true,"_links":{"self":[{"href":"https:\/\/zonaroja.com.mx\/index.php?rest_route=\/wp\/v2\/posts\/50743","targetHints":{"allow":["GET"]}}],"collection":[{"href":"https:\/\/zonaroja.com.mx\/index.php?rest_route=\/wp\/v2\/posts"}],"about":[{"href":"https:\/\/zonaroja.com.mx\/index.php?rest_route=\/wp\/v2\/types\/post"}],"author":[{"embeddable":true,"href":"https:\/\/zonaroja.com.mx\/index.php?rest_route=\/wp\/v2\/users\/2"}],"replies":[{"embeddable":true,"href":"https:\/\/zonaroja.com.mx\/index.php?rest_route=%2Fwp%2Fv2%2Fcomments&post=50743"}],"version-history":[{"count":1,"href":"https:\/\/zonaroja.com.mx\/index.php?rest_route=\/wp\/v2\/posts\/50743\/revisions"}],"predecessor-version":[{"id":50744,"href":"https:\/\/zonaroja.com.mx\/index.php?rest_route=\/wp\/v2\/posts\/50743\/revisions\/50744"}],"wp:featuredmedia":[{"embeddable":true,"href":"https:\/\/zonaroja.com.mx\/index.php?rest_route=\/wp\/v2\/media\/48309"}],"wp:attachment":[{"href":"https:\/\/zonaroja.com.mx\/index.php?rest_route=%2Fwp%2Fv2%2Fmedia&parent=50743"}],"wp:term":[{"taxonomy":"category","embeddable":true,"href":"https:\/\/zonaroja.com.mx\/index.php?rest_route=%2Fwp%2Fv2%2Fcategories&post=50743"},{"taxonomy":"post_tag","embeddable":true,"href":"https:\/\/zonaroja.com.mx\/index.php?rest_route=%2Fwp%2Fv2%2Ftags&post=50743"}],"curies":[{"name":"wp","href":"https:\/\/api.w.org\/{rel}","templated":true}]}}