{"id":50745,"date":"2023-01-21T20:16:18","date_gmt":"2023-01-22T02:16:18","guid":{"rendered":"http:\/\/www.zonaroja.com.mx\/?p=50745"},"modified":"2023-01-21T20:16:22","modified_gmt":"2023-01-22T02:16:22","slug":"seguira-vera-carrizal-proceso-judicial-en-arraigo-domiciliario-por-caso-maria-elena","status":"publish","type":"post","link":"https:\/\/zonaroja.com.mx\/?p=50745","title":{"rendered":"Seguir\u00e1 Vera Carrizal proceso judicial en arraigo domiciliario, por caso Mar\u00eda Elena"},"content":{"rendered":"\n<p>Redacci\u00f3n\/Zona Roja.<\/p>\n\n\n\n<p>Oaxaca de Ju\u00e1rez, Oax., a 21 de enero de 2023.- Autoridades judiciales confirmaron que Juan Antonio Vera Carrizal no ha sido absuelto y continuar\u00e1 el proceso judicial en su contra bajo arraigo domiciliario, con vigilancia policiaca, por el delito de tentativa de homicidio en contra de Mar\u00eda Elena R\u00edos Ortiz.<\/p>\n\n\n\n<p>La determinaci\u00f3n la tom\u00f3 el juez debido a que la defensa del acusado argument\u00f3 que el ex diputado local padece una enfermedad neurodegenerativa; no obstante, deber\u00e1 presentarse ante las autoridades las veces que sea requerido<\/p>\n\n\n\n<p>Lo anterior, detallaron fuentes del Poder Judicial, con fundamento en lo que autoriza el C\u00f3digo Nacional de Procedimientos Penales.<\/p>\n\n\n\n<p>Durante la audiencia que inici\u00f3 el pasado lunes 16 enero y concluy\u00f3 este s\u00e1bado, se valoraron las pruebas y testimonios presentados, adem\u00e1s de que fueron escuchadas cada una de las partes.&nbsp;<\/p>\n\n\n\n<p>\u201cSobre el amparo promovido por la v\u00edctima en contra de un supuesto no tr\u00e1mite de una recusaci\u00f3n, se resolvi\u00f3 con todas las formalidades de ley, en ning\u00fan momento el Juez Federal orden\u00f3 al Juez de Control suspender la audiencia como fue mal informado\u201d, remarcaron.&nbsp;<\/p>\n\n\n\n<p>Por la nueva medida cautelar impuesta a Juan Vera Carrizal, consistente en la sujeci\u00f3n domiciliaria, permanecer\u00e1 con guardia y vigilancia de la Polic\u00eda Estatal las 24 horas del d\u00eda, adem\u00e1s de que portar\u00e1 un localizador electr\u00f3nico en el tobillo, mediante el cual tambi\u00e9n ser\u00e1 monitoreada su actividad. La salida del domicilio \u00fanicamente ser\u00e1 con fines de atenci\u00f3n m\u00e9dica.&nbsp;<\/p>\n\n\n\n<p>El proceso judicial sigue por el delito de tentativa de homicidio y tendr\u00e1 que presentarse ante las autoridades las veces que sea requerido.<\/p>\n\n\n\n<p>\u201cEs fundamental hacer de conocimiento p\u00fablico que la v\u00edctima cuenta con los medios de impugnaci\u00f3n para revisar la determinaci\u00f3n del juez y en caso de que \u00e9sta no se confirme, el imputado regresar\u00eda a prisi\u00f3n preventiva\u201d, precisaron las fuentes.<\/p>\n","protected":false},"excerpt":{"rendered":"<p>Redacci\u00f3n\/Zona Roja. Oaxaca de Ju\u00e1rez, Oax., a 21 de enero de 2023.- Autoridades judiciales confirmaron&hellip;<\/p>\n","protected":false},"author":2,"featured_media":10790,"comment_status":"closed","ping_status":"open","sticky":false,"template":"","format":"standard","meta":{"_lmt_disableupdate":"","_lmt_disable":"","_jetpack_memberships_contains_paid_content":false,"footnotes":""},"categories":[109,47],"tags":[1144],"class_list":["post-50745","post","type-post","status-publish","format-standard","has-post-thumbnail","hentry","category-minuto-a-minuto","category-zona-gris","tag-juan-antonio-vera-carrizal"],"jetpack_featured_media_url":"https:\/\/zonaroja.com.mx\/wp-content\/uploads\/2020\/04\/Vera-Carrizal-llega-a-Huaj.jpg","jetpack_sharing_enabled":true,"_links":{"self":[{"href":"https:\/\/zonaroja.com.mx\/index.php?rest_route=\/wp\/v2\/posts\/50745","targetHints":{"allow":["GET"]}}],"collection":[{"href":"https:\/\/zonaroja.com.mx\/index.php?rest_route=\/wp\/v2\/posts"}],"about":[{"href":"https:\/\/zonaroja.com.mx\/index.php?rest_route=\/wp\/v2\/types\/post"}],"author":[{"embeddable":true,"href":"https:\/\/zonaroja.com.mx\/index.php?rest_route=\/wp\/v2\/users\/2"}],"replies":[{"embeddable":true,"href":"https:\/\/zonaroja.com.mx\/index.php?rest_route=%2Fwp%2Fv2%2Fcomments&post=50745"}],"version-history":[{"count":1,"href":"https:\/\/zonaroja.com.mx\/index.php?rest_route=\/wp\/v2\/posts\/50745\/revisions"}],"predecessor-version":[{"id":50746,"href":"https:\/\/zonaroja.com.mx\/index.php?rest_route=\/wp\/v2\/posts\/50745\/revisions\/50746"}],"wp:featuredmedia":[{"embeddable":true,"href":"https:\/\/zonaroja.com.mx\/index.php?rest_route=\/wp\/v2\/media\/10790"}],"wp:attachment":[{"href":"https:\/\/zonaroja.com.mx\/index.php?rest_route=%2Fwp%2Fv2%2Fmedia&parent=50745"}],"wp:term":[{"taxonomy":"category","embeddable":true,"href":"https:\/\/zonaroja.com.mx\/index.php?rest_route=%2Fwp%2Fv2%2Fcategories&post=50745"},{"taxonomy":"post_tag","embeddable":true,"href":"https:\/\/zonaroja.com.mx\/index.php?rest_route=%2Fwp%2Fv2%2Ftags&post=50745"}],"curies":[{"name":"wp","href":"https:\/\/api.w.org\/{rel}","templated":true}]}}