{"id":50748,"date":"2023-01-22T15:34:00","date_gmt":"2023-01-22T21:34:00","guid":{"rendered":"http:\/\/www.zonaroja.com.mx\/?p=50748"},"modified":"2023-01-22T06:37:38","modified_gmt":"2023-01-22T12:37:38","slug":"opinion-el-narco-y-el-metro","status":"publish","type":"post","link":"https:\/\/zonaroja.com.mx\/?p=50748","title":{"rendered":"Opini\u00f3n. El narco y el Metro"},"content":{"rendered":"\n<p>Diego Enrique Osorno*<\/p>\n\n\n\n<p>Felipe Calder\u00f3n lleg\u00f3 a la Presidencia en 2006 en medio de una agitada realidad social que inclu\u00eda una huelga minera a nivel nacional, el activismo itinerante de La otra campa\u00f1a del EZLN, la insurrecci\u00f3n de la APPO en Oaxaca y las protestas de fraude electoral del actual presidente Andr\u00e9s Manuel L\u00f3pez Obrador.<\/p>\n\n\n\n<p>\u00bfQu\u00e9 hizo Calder\u00f3n ante esta innegable crisis al inicio de su gobierno? En lugar de atender las demandas leg\u00edtimas decidi\u00f3 militarizar el pa\u00eds bajo el pretexto de una guerra del narco que, nos queda claro hoy, fue una farsa, adem\u00e1s de haber desatado una tragedia humanitaria a\u00fan imparable.<\/p>\n\n\n\n<p>\u201cLa guerra del narco\u201d acorral\u00f3 organizaciones, colectivos y grupos que pugnaban por causas justas en sus respectivos territorios y espacios pol\u00edticos. En algunos lugares del pa\u00eds, bajo una dicotom\u00eda absurda y sangrienta de supuesto enfrentamiento entre fuerzas oficiales y fuerzas criminales, la resistencia social, en el peor de los casos, acab\u00f3 aniquilada y, en el menos peor, neutralizada. El juicio actual en NYC evidencia parte de la perversa estrategia dise\u00f1ada para resolver una crisis a partir de un performance de corrupci\u00f3n que termin\u00f3 en pesadilla.<\/p>\n\n\n\n<p>En sus a\u00f1os iniciales, \u201cla guerra del narco\u201d tuvo mucha aprobaci\u00f3n ciudadana. Una encuesta tras otra resaltaba&nbsp;el apoyo mayoritario al populismo punitivo presidencial impulsado tambi\u00e9n por EU. Calder\u00f3n y Garc\u00eda Luna llegaron a ser en su momento aut\u00e9nticos h\u00e9roes de la patria.<\/p>\n\n\n\n<p>Todo el contexto anterior es algo que seguro no ignora la actual jefa de Gobierno de Ciudad de M\u00e9xico, Claudia Sheinbaum. Por eso desconcierta su decisi\u00f3n de militarizar el Metro, luego de las notorias, constantes y mortales fallas que \u00e9ste ha sufrido en su gesti\u00f3n. Convertir una crisis de mantenimiento e imagen en un problema de seguridad nacional es una de las formas m\u00e1s da\u00f1inas de gobernar.<\/p>\n\n\n\n<p>Ni la capital ni el pa\u00eds ni la propia gobernante merecen el surgimiento de una nueva din\u00e1mica demag\u00f3gica en materia de seguridad. La crisis del Metro podr\u00eda ser atendida con m\u00e1s presupuesto y m\u00e1s atenci\u00f3n puntual. Seis mil efectivos cambian la narrativa pero no honran la memoria de las 26 personas fallecidas por el siniestro de la L\u00ednea 12 ni el de la estudiante Yaretzi en la L\u00ednea 3.<\/p>\n\n\n\n<p>*Escritor y periodista.<\/p>\n\n\n\n<p>@DiegoEOsorno<\/p>\n\n\n\n<p>deo@detective.org.mx<\/p>\n","protected":false},"excerpt":{"rendered":"<p>Diego Enrique Osorno* Felipe Calder\u00f3n lleg\u00f3 a la Presidencia en 2006 en medio de una&hellip;<\/p>\n","protected":false},"author":2,"featured_media":48560,"comment_status":"closed","ping_status":"open","sticky":false,"template":"","format":"standard","meta":{"_lmt_disableupdate":"","_lmt_disable":"","_jetpack_memberships_contains_paid_content":false,"footnotes":""},"categories":[456,109],"tags":[3020],"class_list":["post-50748","post","type-post","status-publish","format-standard","has-post-thumbnail","hentry","category-columna","category-minuto-a-minuto","tag-diego-enrique-osorno"],"jetpack_featured_media_url":"https:\/\/zonaroja.com.mx\/wp-content\/uploads\/2022\/11\/Diego-Enrique-Osorno.jpeg","jetpack_sharing_enabled":true,"_links":{"self":[{"href":"https:\/\/zonaroja.com.mx\/index.php?rest_route=\/wp\/v2\/posts\/50748","targetHints":{"allow":["GET"]}}],"collection":[{"href":"https:\/\/zonaroja.com.mx\/index.php?rest_route=\/wp\/v2\/posts"}],"about":[{"href":"https:\/\/zonaroja.com.mx\/index.php?rest_route=\/wp\/v2\/types\/post"}],"author":[{"embeddable":true,"href":"https:\/\/zonaroja.com.mx\/index.php?rest_route=\/wp\/v2\/users\/2"}],"replies":[{"embeddable":true,"href":"https:\/\/zonaroja.com.mx\/index.php?rest_route=%2Fwp%2Fv2%2Fcomments&post=50748"}],"version-history":[{"count":1,"href":"https:\/\/zonaroja.com.mx\/index.php?rest_route=\/wp\/v2\/posts\/50748\/revisions"}],"predecessor-version":[{"id":50749,"href":"https:\/\/zonaroja.com.mx\/index.php?rest_route=\/wp\/v2\/posts\/50748\/revisions\/50749"}],"wp:featuredmedia":[{"embeddable":true,"href":"https:\/\/zonaroja.com.mx\/index.php?rest_route=\/wp\/v2\/media\/48560"}],"wp:attachment":[{"href":"https:\/\/zonaroja.com.mx\/index.php?rest_route=%2Fwp%2Fv2%2Fmedia&parent=50748"}],"wp:term":[{"taxonomy":"category","embeddable":true,"href":"https:\/\/zonaroja.com.mx\/index.php?rest_route=%2Fwp%2Fv2%2Fcategories&post=50748"},{"taxonomy":"post_tag","embeddable":true,"href":"https:\/\/zonaroja.com.mx\/index.php?rest_route=%2Fwp%2Fv2%2Ftags&post=50748"}],"curies":[{"name":"wp","href":"https:\/\/api.w.org\/{rel}","templated":true}]}}