{"id":50750,"date":"2023-01-23T11:59:00","date_gmt":"2023-01-23T17:59:00","guid":{"rendered":"http:\/\/www.zonaroja.com.mx\/?p=50750"},"modified":"2023-01-22T21:28:59","modified_gmt":"2023-01-23T03:28:59","slug":"por-tragedias-y-crisis-en-metro-baja-la-aprobacion-de-claudia-sheinbaum","status":"publish","type":"post","link":"https:\/\/zonaroja.com.mx\/?p=50750","title":{"rendered":"Por tragedias y crisis en Metro, baja la aprobaci\u00f3n de Claudia Sheinbaum"},"content":{"rendered":"\n<p>Redacci\u00f3n\/Zona Roja Cdmx.<\/p>\n\n\n\n<p>Ciudad de M\u00e9xico, a 23 de enero de 2023.-El nivel de aprobaci\u00f3n ciudadana a Claudia Sheinbaum, jefa de Gobierno, registr\u00f3 en enero 47 por ciento, dos puntos menos que lo observado en diciembre, cuando obtuvo 49 por ciento, seg\u00fan revela la m\u00e1s reciente encuesta de \u201cEl Financiero\u201d, realizada en la capital.<\/p>\n\n\n\n<p>El sondeo indica que la desaprobaci\u00f3n al trabajo de la mandataria capitalina es de 52 por ciento.<\/p>\n\n\n\n<p>En los rubros espec\u00edficos de seguridad p\u00fablica y econom\u00eda, las opiniones negativas mantienen un car\u00e1cter mayoritario, aunque la opini\u00f3n positiva avanz\u00f3 uno y dos puntos, respectivamente, seg\u00fan la encuesta, al registrar 31 y 32 por ciento en esos rubros.<\/p>\n\n\n\n<p>Sin embargo, en el tema de transporte p\u00fablico se dio una voltereta en las opiniones: la opini\u00f3n favorable cay\u00f3 de 49 a 35 por ciento entre noviembre a la fecha, mientras que la opini\u00f3n desfavorable subi\u00f3 de 30 a 46 por ciento.<\/p>\n\n\n\n<p>Este cambio de opini\u00f3n coincide con los recientes eventos relacionados con el Metro, incluidos el accidente de la L\u00ednea 3 y otras fallas, situaciones que llevaron a los gobiernos federal y capitalino a desplegar a 6 mil elementos de la Guardia Nacional en las instalaciones del Sistema de Transporte Colectivo.<\/p>\n\n\n\n<p>Al preguntar c\u00f3mo calificar\u00edan la manera en que el gobierno de Sheinbaum est\u00e1 tratando el asunto del funcionamiento del Metro, 30 por ciento de los entrevistados respondi\u00f3 que bien o muy bien, mientras que una mayor\u00eda de 56 por ciento dijo que mal o muy mal.<\/p>\n\n\n\n<p>Esta baja calificaci\u00f3n refleja los accidentados pasos del Metro en d\u00edas recientes: seg\u00fan el sondeo, 80 por ciento de los entrevistados se enter\u00f3 del choque en la L\u00ednea 3.<\/p>\n\n\n\n<p>La forma en que la jefa de Gobierno ha atendido el asunto del choque del Metro dividi\u00f3 opiniones: 38 por ciento piensa que Sheinbaum ha hecho un buen o muy buen trabajo al respecto, frente a 37 por ciento que piensa que ha hecho mal o muy mal trabajo.<\/p>\n\n\n\n<p>Ante la posibilidad de que podr\u00eda ser actos intencionados lo que provoc\u00f3 el choque en la L\u00ednea 3, la encuesta revela que 26 por ciento de las personas entrevistadas s\u00ed cree que hubo sabotaje, mientras que una clara mayor\u00eda de 59 por ciento cree que el choque refleja la falta de mantenimiento en ese sistema de transporte.<\/p>\n\n\n\n<p>Respecto al despliegue de elementos de la Guardia Nacional, 30 por ciento s\u00ed considera que las fallas del Metro se deben a problemas de seguridad que la Guardia Nacional debe atender; en contraste, 65 por ciento atribuye las fallas a falta de mantenimiento, no a un asunto de seguridad.<\/p>\n\n\n\n<p>Finalmente, al preguntar si el accidente en el Metro debilita a Claudia Sheinbaum en sus aspiraciones presidenciales, 52 por ciento de capitalinos opina que s\u00ed, y 39 por ciento que no.<\/p>\n\n\n\n<p><em>Metodolog\u00eda: Encuesta en la Ciudad de M\u00e9xico realizada v\u00eda telef\u00f3nica a 600 adultos el 13-14 de enero de 2023. Se hizo un muestreo probabil\u00edstico de tel\u00e9fonos residenciales y celulares en las 16 alcald\u00edas. Con un nivel de confianza de 95%, el margen de error de las estimaciones es de +\/-4.0 por ciento.<\/em><\/p>\n\n\n\n<p>(Patrocinio y Realizaci\u00f3n: EL FINANCIERO)<\/p>\n","protected":false},"excerpt":{"rendered":"<p>Redacci\u00f3n\/Zona Roja Cdmx. Ciudad de M\u00e9xico, a 23 de enero de 2023.-El nivel de aprobaci\u00f3n&hellip;<\/p>\n","protected":false},"author":2,"featured_media":50598,"comment_status":"closed","ping_status":"open","sticky":false,"template":"","format":"standard","meta":{"_lmt_disableupdate":"","_lmt_disable":"","_jetpack_memberships_contains_paid_content":false,"footnotes":""},"categories":[109,47],"tags":[3370],"class_list":["post-50750","post","type-post","status-publish","format-standard","has-post-thumbnail","hentry","category-minuto-a-minuto","category-zona-gris","tag-claudia-sheinbaum"],"jetpack_featured_media_url":"https:\/\/zonaroja.com.mx\/wp-content\/uploads\/2023\/01\/Claudia-Sheibaum.webp","jetpack_sharing_enabled":true,"_links":{"self":[{"href":"https:\/\/zonaroja.com.mx\/index.php?rest_route=\/wp\/v2\/posts\/50750","targetHints":{"allow":["GET"]}}],"collection":[{"href":"https:\/\/zonaroja.com.mx\/index.php?rest_route=\/wp\/v2\/posts"}],"about":[{"href":"https:\/\/zonaroja.com.mx\/index.php?rest_route=\/wp\/v2\/types\/post"}],"author":[{"embeddable":true,"href":"https:\/\/zonaroja.com.mx\/index.php?rest_route=\/wp\/v2\/users\/2"}],"replies":[{"embeddable":true,"href":"https:\/\/zonaroja.com.mx\/index.php?rest_route=%2Fwp%2Fv2%2Fcomments&post=50750"}],"version-history":[{"count":2,"href":"https:\/\/zonaroja.com.mx\/index.php?rest_route=\/wp\/v2\/posts\/50750\/revisions"}],"predecessor-version":[{"id":50780,"href":"https:\/\/zonaroja.com.mx\/index.php?rest_route=\/wp\/v2\/posts\/50750\/revisions\/50780"}],"wp:featuredmedia":[{"embeddable":true,"href":"https:\/\/zonaroja.com.mx\/index.php?rest_route=\/wp\/v2\/media\/50598"}],"wp:attachment":[{"href":"https:\/\/zonaroja.com.mx\/index.php?rest_route=%2Fwp%2Fv2%2Fmedia&parent=50750"}],"wp:term":[{"taxonomy":"category","embeddable":true,"href":"https:\/\/zonaroja.com.mx\/index.php?rest_route=%2Fwp%2Fv2%2Fcategories&post=50750"},{"taxonomy":"post_tag","embeddable":true,"href":"https:\/\/zonaroja.com.mx\/index.php?rest_route=%2Fwp%2Fv2%2Ftags&post=50750"}],"curies":[{"name":"wp","href":"https:\/\/api.w.org\/{rel}","templated":true}]}}