{"id":50755,"date":"2023-01-22T08:46:00","date_gmt":"2023-01-22T14:46:00","guid":{"rendered":"http:\/\/www.zonaroja.com.mx\/?p=50755"},"modified":"2023-01-22T06:53:18","modified_gmt":"2023-01-22T12:53:18","slug":"preocupa-a-gobernacion-decision-de-juez-de-oaxaca-en-el-caso-de-maria-elena","status":"publish","type":"post","link":"https:\/\/zonaroja.com.mx\/?p=50755","title":{"rendered":"Preocupa a Gobernaci\u00f3n decisi\u00f3n de juez de Oaxaca en el caso de Mar\u00eda Elena"},"content":{"rendered":"\n<p>Ismael Garc\u00eda M.\/Zona Roja.<\/p>\n\n\n\n<p>Oaxaca de Ju\u00e1rez, Oax., a 22 de enero de 2023.- La Coordinaci\u00f3n Ejecutiva Nacional del Mecanismo&nbsp;de Protecci\u00f3n Federal para Personas Defensoras de Derechos Humanos y Periodistas, dependiente de la Secretar\u00eda de Gobernaci\u00f3n (Segob), extern\u00f3 su preocupaci\u00f3n por la decisi\u00f3n del juez de control en Oaxaca, T\u00e9odulo Pacheco Pacheco, al dictar un cambio en la medida cautelar a favor de Juan Vera Carrizal, quien estar\u00eda vinculado a proceso por la agresi\u00f3n a Mar\u00eda Elena R\u00edos.<\/p>\n\n\n\n<p>\u201cSe destaca que la decisi\u00f3n del juez se da en el marco de las manifestaciones realizadas por Mar\u00eda Elena en las que ha denunciado una serie de dilaciones y omisiones por parte del personal judicial que conoce de su caso.<\/p>\n\n\n\n<p>\u201cEsta resoluci\u00f3n alienta la situaci\u00f3n de vulnerabilidad y latente riesgo en que se encuentra Mar\u00eda Elena R\u00edos y su familia, y en ese sentido, env\u00eda un mensaje de impunidad y reevictimizaci\u00f3n\u201d, detall\u00f3 en un comunicado.&nbsp;<\/p>\n\n\n\n<p>Expuso que este Mecanismo no es omiso a las declaraciones realizadas por la defensora de derechos humanos y por ello, reiter\u00f3 su compromiso para seguir asumiendo el esquema de protecci\u00f3n que sea necesario tanto para Mar\u00eda Elena como para su familia, ante este nuevo contexto.<\/p>\n\n\n\n<p>\u201cEs importante se\u00f1alar que no debemos olvidar que este caso ha cimbrado a la sociedad mexicana al visibilizar, una vez m\u00e1s, las condiciones de discriminaci\u00f3n estructural a la que se enfrentan las mujeres que buscan justicia en nuestro pa\u00eds\u201d, expuso en su bolet\u00edn.<\/p>\n\n\n\n<p>Por tanto, hizo un respetuoso llamado a las autoridades ministeriales y judiciales de Oaxaca, para que en el \u00e1mbito de su competencia garanticen la seguridad de Mar\u00eda Elena R\u00edos y su familia a trav\u00e9s de los procedimientos previstos en el C\u00f3digo Nacional de Procedimientos Penales.<\/p>\n\n\n\n<p>De igual forma, exhort\u00f3 a que, a trav\u00e9s de los mecanismos procesales de la misma legislaci\u00f3n nacional, se impulse una revisi\u00f3n exhaustiva de la decisi\u00f3n dada a conocer en el presente caso.<\/p>\n\n\n\n<p>\u201cLo anterior, en apego al mandato constitucional que obliga a todas las autoridades a proteger el derecho a defender derechos humanos y cumplir de igual manera, con las obligaciones de promoci\u00f3n, respeto, protecci\u00f3n y garant\u00eda de los derechos humanos\u201d.<\/p>\n\n\n\n<p>Este es el enlace del comunicado emitido anoche:<\/p>\n\n\n\n<figure class=\"wp-block-embed\"><div class=\"wp-block-embed__wrapper\">\nhttps:\/\/www.gob.mx\/defensorasyperiodistas\/documentos\/mecanismo-de-proteccion-externa-su-preocupacion-por-la-decision-emitida-por-el-juez-de-control-de-oaxaca-en-el-caso-de-maria-elena-rios?state=published\n<\/div><\/figure>\n","protected":false},"excerpt":{"rendered":"<p>Ismael Garc\u00eda M.\/Zona Roja. Oaxaca de Ju\u00e1rez, Oax., a 22 de enero de 2023.- La&hellip;<\/p>\n","protected":false},"author":2,"featured_media":28651,"comment_status":"closed","ping_status":"open","sticky":false,"template":"","format":"standard","meta":{"_lmt_disableupdate":"","_lmt_disable":"","_jetpack_memberships_contains_paid_content":false,"footnotes":""},"categories":[109,47],"tags":[1124],"class_list":["post-50755","post","type-post","status-publish","format-standard","has-post-thumbnail","hentry","category-minuto-a-minuto","category-zona-gris","tag-maria-elena-rios-ortiz"],"jetpack_featured_media_url":"https:\/\/zonaroja.com.mx\/wp-content\/uploads\/2021\/06\/Maria-Elena-Rios-3.jpg","jetpack_sharing_enabled":true,"_links":{"self":[{"href":"https:\/\/zonaroja.com.mx\/index.php?rest_route=\/wp\/v2\/posts\/50755","targetHints":{"allow":["GET"]}}],"collection":[{"href":"https:\/\/zonaroja.com.mx\/index.php?rest_route=\/wp\/v2\/posts"}],"about":[{"href":"https:\/\/zonaroja.com.mx\/index.php?rest_route=\/wp\/v2\/types\/post"}],"author":[{"embeddable":true,"href":"https:\/\/zonaroja.com.mx\/index.php?rest_route=\/wp\/v2\/users\/2"}],"replies":[{"embeddable":true,"href":"https:\/\/zonaroja.com.mx\/index.php?rest_route=%2Fwp%2Fv2%2Fcomments&post=50755"}],"version-history":[{"count":1,"href":"https:\/\/zonaroja.com.mx\/index.php?rest_route=\/wp\/v2\/posts\/50755\/revisions"}],"predecessor-version":[{"id":50756,"href":"https:\/\/zonaroja.com.mx\/index.php?rest_route=\/wp\/v2\/posts\/50755\/revisions\/50756"}],"wp:featuredmedia":[{"embeddable":true,"href":"https:\/\/zonaroja.com.mx\/index.php?rest_route=\/wp\/v2\/media\/28651"}],"wp:attachment":[{"href":"https:\/\/zonaroja.com.mx\/index.php?rest_route=%2Fwp%2Fv2%2Fmedia&parent=50755"}],"wp:term":[{"taxonomy":"category","embeddable":true,"href":"https:\/\/zonaroja.com.mx\/index.php?rest_route=%2Fwp%2Fv2%2Fcategories&post=50755"},{"taxonomy":"post_tag","embeddable":true,"href":"https:\/\/zonaroja.com.mx\/index.php?rest_route=%2Fwp%2Fv2%2Ftags&post=50755"}],"curies":[{"name":"wp","href":"https:\/\/api.w.org\/{rel}","templated":true}]}}