{"id":5076,"date":"2019-10-23T20:04:30","date_gmt":"2019-10-24T01:04:30","guid":{"rendered":"http:\/\/www.zonaroja.com.mx\/?p=5076"},"modified":"2019-10-23T20:05:19","modified_gmt":"2019-10-24T01:05:19","slug":"mintio-integrante-de-sistema-anticorrupcion-pediran-su-cese","status":"publish","type":"post","link":"https:\/\/zonaroja.com.mx\/?p=5076","title":{"rendered":"Minti\u00f3 integrante de Sistema Anticorrupci\u00f3n; pedir\u00e1n su cese"},"content":{"rendered":"\n<p>Ismael Garc\u00eda M.<\/p>\n\n\n\n<p>San Raymundo Jalpan, Oax., 23 de\noctubre de 2019.- El reci\u00e9n designado integrante del Comit\u00e9 de Participaci\u00f3n Ciudadana\ndel Sistema Estatal de Combate a la Corrupci\u00f3n, Jos\u00e9 Juan Flores Guzm\u00e1n, minti\u00f3\nal Comit\u00e9 de Selecci\u00f3n al ocultar un conflicto de intereses.<\/p>\n\n\n\n<p>La diputada por el PAN, Mar\u00eda de Jes\u00fas\nMelgar, denunci\u00f3 hoy en tribuna la omisi\u00f3n de dicha persona y plante\u00f3 un Punto\nde Acuerdo para que la Fiscal\u00eda Especializada en Combate a la Corrupci\u00f3n, as\u00ed\ncomo la Secretar\u00eda de la Contralor\u00eda, lo investigue y le finque\nresponsabilidades.<\/p>\n\n\n\n<p>Asimismo, se pida su cese o en su caso se inicie un juicio para retirarlo del cargo, dijo durante la sesi\u00f3n de la Diputaci\u00f3n Permanente efectuada este mi\u00e9rcoles, y que presidi\u00f3 la diputada Magaly L\u00f3pez Dom\u00ednguez.<\/p>\n\n\n\n<figure class=\"wp-block-embed-twitter wp-block-embed is-type-rich is-provider-twitter\"><div class=\"wp-block-embed__wrapper\">\n<div class=\"twitter-tweet\"><blockquote class=\"twitter-tweet\" data-lang=\"es\"><p lang=\"es\" dir=\"ltr\"><a href=\"https:\/\/twitter.com\/hashtag\/OaxacaGris?src=hash&amp;ref_src=twsrc%5Etfw\">#OaxacaGris<\/a><br>Diputada Mar\u00eda de Jes\u00fas Melgar pidi\u00f3 hoy se investigue a Jos\u00e9 Juan Flores Guzm\u00e1n, integrante del Comit\u00e9 de Participaci\u00f3n Ciudadana del Sistema Estatal de Combate a la Corrupci\u00f3n, por posibles delitos, entre ellos falsedad y conflicto de inter\u00e9s, para ocupar el cargo. <a href=\"https:\/\/t.co\/2mzRw0zws8\">pic.twitter.com\/2mzRw0zws8<\/a><\/p>&mdash; Zona Roja Oaxaca (@MexRoja) <a href=\"https:\/\/twitter.com\/MexRoja\/status\/1187160217584226305?ref_src=twsrc%5Etfw\">24 de octubre de 2019<\/a><\/blockquote><\/div>\n<\/div><\/figure>\n\n\n\n<p>Jos\u00e9 Juan Flores Guzm\u00e1n estar\u00eda incurriendo\nen conflicto de inter\u00e9s con el Servicio de&nbsp;\nAgua Potable y Alcantarillado de Oaxaca (Sapao), porque era\nrepresentante legal de una empresa al servicio de la dependencia.<\/p>\n\n\n\n<p>Tom\u00f3 protesta aun siendo representante\nlegal de una empresa que trabaja para y realiza obras para el Gobierno del\nEstado, por lo tanto, no pod\u00eda participar para integrar el Comit\u00e9 de\nParticipaci\u00f3n.<\/p>\n\n\n\n<p>\u201cEs de llamar la atenci\u00f3n que, quien\nfue electo para un cargo de la relevancia como es la de integrar el Comit\u00e9 de\nParticipaci\u00f3n Ciudadana de Oaxaca, se encuentre siendo investigado en una serie\nde posibles hechos de corrupci\u00f3n, y que al mismo le corresponda precisamente\nser el v\u00ednculo con la ciudadan\u00eda y las autoridades para crear las sinergias\nnecesarias a fin de fortalecer el sistema nacional y estatal anticorrupci\u00f3n\u201d,\ndijo Mar\u00eda de Jes\u00fas Mendoza.<\/p>\n\n\n\n<p>\u201cNo olvidemos que el gobierno federal y\nel local han se\u00f1alado que es importante tener claridad sobre el tipo y\ncaracter\u00edsticas del servidor p\u00fablico que necesita nuestro estado a fin de pueda\nresponder a las circunstancias que se presentan, solo as\u00ed se puede erradicar la\nimpunidad y se combate la corrupci\u00f3n\u201d, manifest\u00f3.<\/p>\n","protected":false},"excerpt":{"rendered":"<p>Ismael Garc\u00eda M. San Raymundo Jalpan, Oax., 23 de octubre de 2019.- El reci\u00e9n designado&hellip;<\/p>\n","protected":false},"author":2,"featured_media":5077,"comment_status":"closed","ping_status":"open","sticky":false,"template":"","format":"standard","meta":{"_lmt_disableupdate":"","_lmt_disable":"","_jetpack_memberships_contains_paid_content":false,"footnotes":""},"categories":[1],"tags":[],"class_list":["post-5076","post","type-post","status-publish","format-standard","has-post-thumbnail","hentry","category-sin-categoria"],"jetpack_featured_media_url":"https:\/\/zonaroja.com.mx\/wp-content\/uploads\/2019\/10\/IMG_1234.jpg","jetpack_sharing_enabled":true,"_links":{"self":[{"href":"https:\/\/zonaroja.com.mx\/index.php?rest_route=\/wp\/v2\/posts\/5076","targetHints":{"allow":["GET"]}}],"collection":[{"href":"https:\/\/zonaroja.com.mx\/index.php?rest_route=\/wp\/v2\/posts"}],"about":[{"href":"https:\/\/zonaroja.com.mx\/index.php?rest_route=\/wp\/v2\/types\/post"}],"author":[{"embeddable":true,"href":"https:\/\/zonaroja.com.mx\/index.php?rest_route=\/wp\/v2\/users\/2"}],"replies":[{"embeddable":true,"href":"https:\/\/zonaroja.com.mx\/index.php?rest_route=%2Fwp%2Fv2%2Fcomments&post=5076"}],"version-history":[{"count":1,"href":"https:\/\/zonaroja.com.mx\/index.php?rest_route=\/wp\/v2\/posts\/5076\/revisions"}],"predecessor-version":[{"id":5078,"href":"https:\/\/zonaroja.com.mx\/index.php?rest_route=\/wp\/v2\/posts\/5076\/revisions\/5078"}],"wp:featuredmedia":[{"embeddable":true,"href":"https:\/\/zonaroja.com.mx\/index.php?rest_route=\/wp\/v2\/media\/5077"}],"wp:attachment":[{"href":"https:\/\/zonaroja.com.mx\/index.php?rest_route=%2Fwp%2Fv2%2Fmedia&parent=5076"}],"wp:term":[{"taxonomy":"category","embeddable":true,"href":"https:\/\/zonaroja.com.mx\/index.php?rest_route=%2Fwp%2Fv2%2Fcategories&post=5076"},{"taxonomy":"post_tag","embeddable":true,"href":"https:\/\/zonaroja.com.mx\/index.php?rest_route=%2Fwp%2Fv2%2Ftags&post=5076"}],"curies":[{"name":"wp","href":"https:\/\/api.w.org\/{rel}","templated":true}]}}