{"id":50763,"date":"2023-01-22T13:00:00","date_gmt":"2023-01-22T19:00:00","guid":{"rendered":"http:\/\/www.zonaroja.com.mx\/?p=50763"},"modified":"2023-01-22T07:39:54","modified_gmt":"2023-01-22T13:39:54","slug":"estados-unidos-deporta-a-mexico-a-fugitivo-buscado-por-caso-ayotzinapa","status":"publish","type":"post","link":"https:\/\/zonaroja.com.mx\/?p=50763","title":{"rendered":"Estados Unidos deporta a M\u00e9xico a fugitivo buscado por caso Ayotzinapa"},"content":{"rendered":"\n<p>Redacci\u00f3n\/Zona Roja Cdmx.<\/p>\n\n\n\n<p>Ciudad de M\u00e9xico, a 22 de enero de 2023.- Autoridades estadounidenses deportaron a M\u00e9xico a un expolic\u00eda acusado de estar implicado en la desaparici\u00f3n de los 43 estudiantes de la escuela rural de Ayotzinapa en 2014.<\/p>\n\n\n\n<p>Se trata de Alejandro Tenescalco Mej\u00eda, quien era supervisor de la polic\u00eda municipal de Iguala (Guerrero, sur), y quien era buscado por su presunta responsabilidad en la desaparici\u00f3n de los estudiantes.&nbsp;<\/p>\n\n\n\n<p>\u00abTenescalco Mej\u00eda es uno de los individuos buscados en el caso, seg\u00fan las cortes mexicanas\u00bb, dijo en un comunicado el Servicio de Inmigraci\u00f3n y Control de Aduanas (ICE).&nbsp;<\/p>\n\n\n\n<p>Autoridades migratorias de Estados Unidos se\u00f1alaron que Tenescalco, de 41 a\u00f1os, cruz\u00f3 ilegalmente a ese pa\u00eds el pasado 14 de diciembre y fue entregado a las autoridades mexicanas el pasado 18 de enero.<\/p>\n\n\n\n<p>El Instituto Nacional de Migraci\u00f3n de M\u00e9xico (INM) dijo en un comunicado que Tenescalco contaba con alerta migratoria y era buscado por las autoridades mexicanas y la Interpol por \u00ablos delitos de delincuencia organizada y secuestro\u00bb en el caso Ayotzinapa.&nbsp;<\/p>\n\n\n\n<p>Los estudiantes desaparecieron entre la noche del 26 y la madrugada del 27 de septiembre de 2014, cuando intentaban apoderarse de autobuses en Iguala para viajar a Ciudad de M\u00e9xico y participar en unas manifestaciones.<\/p>\n\n\n\n<p>Fueron detenidos por polic\u00edas coludidos con narcotraficantes del cartel Guerreros Unidos, que los habr\u00edan asesinado al confundirlos con miembros de una banda rival, seg\u00fan la versi\u00f3n oficial de la \u00e9poca.&nbsp;<\/p>\n\n\n\n<p>Militares mexicanos tienen parte de responsabilidad, por sus acciones u omisiones, en la desaparici\u00f3n, reconoci\u00f3 un informe de una comisi\u00f3n gubernamental divulgado en agosto.<\/p>\n\n\n\n<p>Hasta ahora s\u00f3lo han sido identificados los restos de tres v\u00edctimas.<\/p>\n\n\n\n<p>(Informaci\u00f3n de la agencia AFP)<\/p>\n","protected":false},"excerpt":{"rendered":"<p>Redacci\u00f3n\/Zona Roja Cdmx. Ciudad de M\u00e9xico, a 22 de enero de 2023.- Autoridades estadounidenses deportaron&hellip;<\/p>\n","protected":false},"author":2,"featured_media":32471,"comment_status":"closed","ping_status":"open","sticky":false,"template":"","format":"standard","meta":{"_lmt_disableupdate":"","_lmt_disable":"","_jetpack_memberships_contains_paid_content":false,"footnotes":""},"categories":[109,46],"tags":[1816],"class_list":["post-50763","post","type-post","status-publish","format-standard","has-post-thumbnail","hentry","category-minuto-a-minuto","category-zona-blanca","tag-43-desaparecidos-ayotzinapa"],"jetpack_featured_media_url":"https:\/\/zonaroja.com.mx\/wp-content\/uploads\/2021\/09\/Protesta-Ayotzinapa-Oaxaca.jpg","jetpack_sharing_enabled":true,"_links":{"self":[{"href":"https:\/\/zonaroja.com.mx\/index.php?rest_route=\/wp\/v2\/posts\/50763","targetHints":{"allow":["GET"]}}],"collection":[{"href":"https:\/\/zonaroja.com.mx\/index.php?rest_route=\/wp\/v2\/posts"}],"about":[{"href":"https:\/\/zonaroja.com.mx\/index.php?rest_route=\/wp\/v2\/types\/post"}],"author":[{"embeddable":true,"href":"https:\/\/zonaroja.com.mx\/index.php?rest_route=\/wp\/v2\/users\/2"}],"replies":[{"embeddable":true,"href":"https:\/\/zonaroja.com.mx\/index.php?rest_route=%2Fwp%2Fv2%2Fcomments&post=50763"}],"version-history":[{"count":1,"href":"https:\/\/zonaroja.com.mx\/index.php?rest_route=\/wp\/v2\/posts\/50763\/revisions"}],"predecessor-version":[{"id":50764,"href":"https:\/\/zonaroja.com.mx\/index.php?rest_route=\/wp\/v2\/posts\/50763\/revisions\/50764"}],"wp:featuredmedia":[{"embeddable":true,"href":"https:\/\/zonaroja.com.mx\/index.php?rest_route=\/wp\/v2\/media\/32471"}],"wp:attachment":[{"href":"https:\/\/zonaroja.com.mx\/index.php?rest_route=%2Fwp%2Fv2%2Fmedia&parent=50763"}],"wp:term":[{"taxonomy":"category","embeddable":true,"href":"https:\/\/zonaroja.com.mx\/index.php?rest_route=%2Fwp%2Fv2%2Fcategories&post=50763"},{"taxonomy":"post_tag","embeddable":true,"href":"https:\/\/zonaroja.com.mx\/index.php?rest_route=%2Fwp%2Fv2%2Ftags&post=50763"}],"curies":[{"name":"wp","href":"https:\/\/api.w.org\/{rel}","templated":true}]}}