{"id":50768,"date":"2023-01-22T14:45:00","date_gmt":"2023-01-22T20:45:00","guid":{"rendered":"http:\/\/www.zonaroja.com.mx\/?p=50768"},"modified":"2023-01-22T17:19:12","modified_gmt":"2023-01-22T23:19:12","slug":"pend-21","status":"publish","type":"post","link":"https:\/\/zonaroja.com.mx\/?p=50768","title":{"rendered":"Sospechan de sustracci\u00f3n de adolescente desaparecida en Suchilquitongo"},"content":{"rendered":"\n<p>Yuridiana Sosa\/Zona Roja.<\/p>\n\n\n\n<p>Oaxaca de Ju\u00e1rez, Oax., 22 de enero de 2023.- Familiares de Andrea Itzel Mart\u00ednez Castellanos, desaparecida desde el pasado 17 de enero, y autoridades de Santiago Suchilquitongo exigieron al gobernador Salom\u00f3n Jara y a la Fiscal\u00eda General del Estado intensificar la b\u00fasqueda de la adolescente.<\/p>\n\n\n\n<p>La menor de edad, de 17 a\u00f1os, fue vista por \u00faltima vez en su casa alrededor de las 6:40 horas cuando sus padres salieron para dirigirse a trabajar, por lo que sospechan que Andrea pudo ser sustra\u00edda de su domicilio en el barrio Del Pe\u00f1asco, de esa comunidad.<\/p>\n\n\n\n<p>As\u00ed lo dio a conocer Catalina Castellanos Cruz, la madre de la joven, este domingo en conferencia de prensa, en la que advirtieron que como familia no detendr\u00e1n la b\u00fasqueda por cuenta propia, pues la Fiscal\u00eda ofrece nulos avances que puedan dar con su paradero.<\/p>\n\n\n\n<p>\u201cSe\u00f1ores, ni una m\u00e1s. Por qu\u00e9 nuestras adolescentes est\u00e1n desapareciendo. No es la \u00fanica, pero tampoco se va a quedar as\u00ed, no se va a quedar en el olvido\u201d, sentenci\u00f3 la mujer.<\/p>\n\n\n\n<figure class=\"wp-block-embed is-type-rich is-provider-twitter wp-block-embed-twitter\"><div class=\"wp-block-embed__wrapper\">\n<div class=\"twitter-tweet\"><blockquote class=\"twitter-tweet\" data-lang=\"es\"><p lang=\"es\" dir=\"ltr\"><a href=\"https:\/\/twitter.com\/hashtag\/ENVIVO?src=hash&amp;ref_src=twsrc%5Etfw\">#ENVIVO<\/a><br>Oaxaca de Ju\u00e1rez, Oax., a 22 de enero de 2023.- Conferencia de prensa de autoridades municipales de Santiago Suchilquitongo y familiares, para insistir en la b\u00fasqueda de la adolescente Andrea Itzel Mart\u00ednez Castellanos.<br><br>Transmisi\u00f3n \ud83d\udc47<a href=\"https:\/\/t.co\/vb43sUCpK4\">https:\/\/t.co\/vb43sUCpK4<\/a> <a href=\"https:\/\/t.co\/lBfGCQKWzp\">pic.twitter.com\/lBfGCQKWzp<\/a><\/p>&mdash; Zona Roja Oaxaca (@ZonaRoja_Oaxaca) <a href=\"https:\/\/twitter.com\/ZonaRoja_Oaxaca\/status\/1617215765333032960?ref_src=twsrc%5Etfw\">22 de enero de 2023<\/a><\/blockquote><\/div>\n<\/div><\/figure>\n\n\n\n<p>La se\u00f1ora Catalina, con desespero e impotencia, se\u00f1al\u00f3 que la Vicefiscal\u00eda en Villa de Etla s\u00f3lo les dice que el proceso sigue, pero para la familia es una respuesta insuficiente.<\/p>\n\n\n\n<p>De acuerdo a la madre de familia, Andrea Itzel no tendr\u00eda motivos para abandonar su hogar, no ten\u00eda problemas con sus padres; ella regresar\u00eda a clases este lunes 23 de enero, ademas, su novio, tambi\u00e9n ya fue interrogado.<\/p>\n\n\n\n<p>Ante el inusual hecho en la poblaci\u00f3n, la presidenta municipal de Santiago Suchilquitongo, Laura Isabel Rom\u00e1n Figueroa, se uni\u00f3 a la exigencia de la familia.<\/p>\n\n\n\n<p>Reconoci\u00f3 que aunque existe comunicaci\u00f3n con la Fiscal\u00eda de Oaxaca, el proceso es tardado. <\/p>\n\n\n\n<p>Apunt\u00f3 que es el primer caso que ocurre bajo esas circunstancias y que lleva varios d\u00edas sin ser localizada la v\u00edctima, por lo que tambi\u00e9n la poblaci\u00f3n ha sido solidaria para llevar acciones de b\u00fasqueda en diferentes partes de la comunidad y sus alrededores.<\/p>\n\n\n\n<p>Para manifestar su exigencia de b\u00fasqueda, este lunes la familia y la poblaci\u00f3n realizar\u00e1n una marcha en Suchilquitongo, que partir\u00e1 desde el domicilio de donde desapareci\u00f3 Andrea, recorrer\u00e1 las principales calles del municipio hasta llegar al acceso de la comunidad.\u00a0<\/p>\n\n\n\n<figure class=\"wp-block-embed is-type-rich is-provider-twitter wp-block-embed-twitter\"><div class=\"wp-block-embed__wrapper\">\n<div class=\"twitter-tweet\"><blockquote class=\"twitter-tweet\" data-lang=\"es\"><p lang=\"es\" dir=\"ltr\">Este lunes, la poblaci\u00f3n de Santiago Suchilquitongo, Etla, Oaxaca, realizar\u00e1 una marcha para  exigir la aparici\u00f3n con vida de Andrea Itzel Mart\u00ednez Castellanos.<br>Iniciar\u00e1 a las 08:00 horas en el crucero de dicha localidad. La adolescente desapareci\u00f3 el pasado 17 de enero. <a href=\"https:\/\/t.co\/GVVlCkwJ8q\">pic.twitter.com\/GVVlCkwJ8q<\/a><\/p>&mdash; Zona Roja Oaxaca (@ZonaRoja_Oaxaca) <a href=\"https:\/\/twitter.com\/ZonaRoja_Oaxaca\/status\/1617299290296123395?ref_src=twsrc%5Etfw\">22 de enero de 2023<\/a><\/blockquote><\/div>\n<\/div><\/figure>\n","protected":false},"excerpt":{"rendered":"<p>Yuridiana Sosa\/Zona Roja. Oaxaca de Ju\u00e1rez, Oax., 22 de enero de 2023.- Familiares de Andrea&hellip;<\/p>\n","protected":false},"author":2,"featured_media":50773,"comment_status":"closed","ping_status":"open","sticky":false,"template":"","format":"standard","meta":{"_lmt_disableupdate":"","_lmt_disable":"","_jetpack_memberships_contains_paid_content":false,"footnotes":""},"categories":[109,47],"tags":[3409,1364],"class_list":["post-50768","post","type-post","status-publish","format-standard","has-post-thumbnail","hentry","category-minuto-a-minuto","category-zona-gris","tag-andrea-itzel-martinez-castellanos","tag-santiago-suchilquitongo"],"jetpack_featured_media_url":"https:\/\/zonaroja.com.mx\/wp-content\/uploads\/2023\/01\/Padres-Andrea-Itzel-Martinez-Castellanos.jpg","jetpack_sharing_enabled":true,"_links":{"self":[{"href":"https:\/\/zonaroja.com.mx\/index.php?rest_route=\/wp\/v2\/posts\/50768","targetHints":{"allow":["GET"]}}],"collection":[{"href":"https:\/\/zonaroja.com.mx\/index.php?rest_route=\/wp\/v2\/posts"}],"about":[{"href":"https:\/\/zonaroja.com.mx\/index.php?rest_route=\/wp\/v2\/types\/post"}],"author":[{"embeddable":true,"href":"https:\/\/zonaroja.com.mx\/index.php?rest_route=\/wp\/v2\/users\/2"}],"replies":[{"embeddable":true,"href":"https:\/\/zonaroja.com.mx\/index.php?rest_route=%2Fwp%2Fv2%2Fcomments&post=50768"}],"version-history":[{"count":2,"href":"https:\/\/zonaroja.com.mx\/index.php?rest_route=\/wp\/v2\/posts\/50768\/revisions"}],"predecessor-version":[{"id":50774,"href":"https:\/\/zonaroja.com.mx\/index.php?rest_route=\/wp\/v2\/posts\/50768\/revisions\/50774"}],"wp:featuredmedia":[{"embeddable":true,"href":"https:\/\/zonaroja.com.mx\/index.php?rest_route=\/wp\/v2\/media\/50773"}],"wp:attachment":[{"href":"https:\/\/zonaroja.com.mx\/index.php?rest_route=%2Fwp%2Fv2%2Fmedia&parent=50768"}],"wp:term":[{"taxonomy":"category","embeddable":true,"href":"https:\/\/zonaroja.com.mx\/index.php?rest_route=%2Fwp%2Fv2%2Fcategories&post=50768"},{"taxonomy":"post_tag","embeddable":true,"href":"https:\/\/zonaroja.com.mx\/index.php?rest_route=%2Fwp%2Fv2%2Ftags&post=50768"}],"curies":[{"name":"wp","href":"https:\/\/api.w.org\/{rel}","templated":true}]}}