{"id":50770,"date":"2023-01-22T07:55:49","date_gmt":"2023-01-22T13:55:49","guid":{"rendered":"http:\/\/www.zonaroja.com.mx\/?p=50770"},"modified":"2023-01-22T07:55:52","modified_gmt":"2023-01-22T13:55:52","slug":"primavera-roja-asesinan-a-balazos-a-individuo-en-xoxocotlan","status":"publish","type":"post","link":"https:\/\/zonaroja.com.mx\/?p=50770","title":{"rendered":"\u201cPrimavera roja\u201d: asesinan a balazos a individuo en Xoxocotl\u00e1n"},"content":{"rendered":"\n<p>Redacci\u00f3n\/Zona Roja.<\/p>\n\n\n\n<p>Oaxaca de Ju\u00e1rez, Oax., a 22 de enero de 2023.- Un individuo fue atacado a balazos ayer por la tarde en jurisdicci\u00f3n de Santa Cruz Xoxocotl\u00e1n y muri\u00f3 horas m\u00e1s tarde en una cl\u00ednica particular.<\/p>\n\n\n\n<p>Los hechos ocurrieron en el exterior de un domicilio de la colonia Reforma Agraria, colindante con la ciudad de Oaxaca, en que sujetos armados arribaron a bordo de un mototaxi y dispararon en contra de la v\u00edctima, tras lo cual huyeron.<\/p>\n\n\n\n<p>A bordo de otro mototaxi, los familiares trasladaron al herido a una cl\u00ednica particular ubicada en la avenida S\u00edmbolos Patrios; sin embargo, posteriormente se inform\u00f3 que ya hab\u00eda perdido la vida.<\/p>\n\n\n\n<p>Hasta el momento no se ha revelado la identidad de la v\u00edctima, de 24 a\u00f1os de edad, y la Fiscal\u00eda General del Estado de Oaxaca inici\u00f3 las indagatorias correspondientes.<\/p>\n\n\n\n<p>ASALTO VIOLENTO<\/p>\n\n\n\n<p>Por otra parte, en Santo Domingo Tehuantepec se registr\u00f3 anoche un asalto violento a una tienda Oxxo, localizado en el barrio Bixhana, junto a la terminal de autobuses de primera clases.<\/p>\n\n\n\n<p>Presuntamente un solitario delincuente armado ingres\u00f3 al local, amag\u00f3 al personal, pidi\u00f3 dinero en efectivo y productos, tras lo cual huy\u00f3 a bordo de un taxi, que hasta el momento no ha sido localizado.<\/p>\n","protected":false},"excerpt":{"rendered":"<p>Redacci\u00f3n\/Zona Roja. Oaxaca de Ju\u00e1rez, Oax., a 22 de enero de 2023.- Un individuo fue&hellip;<\/p>\n","protected":false},"author":2,"featured_media":50335,"comment_status":"closed","ping_status":"open","sticky":false,"template":"","format":"standard","meta":{"_lmt_disableupdate":"","_lmt_disable":"","_jetpack_memberships_contains_paid_content":false,"footnotes":""},"categories":[109,51],"tags":[133],"class_list":["post-50770","post","type-post","status-publish","format-standard","has-post-thumbnail","hentry","category-minuto-a-minuto","category-zona-roja","tag-santa-cruz-xoxocotlan"],"jetpack_featured_media_url":"https:\/\/zonaroja.com.mx\/wp-content\/uploads\/2023\/01\/Balazos-violencia-casquillos-escena.jpeg","jetpack_sharing_enabled":true,"_links":{"self":[{"href":"https:\/\/zonaroja.com.mx\/index.php?rest_route=\/wp\/v2\/posts\/50770","targetHints":{"allow":["GET"]}}],"collection":[{"href":"https:\/\/zonaroja.com.mx\/index.php?rest_route=\/wp\/v2\/posts"}],"about":[{"href":"https:\/\/zonaroja.com.mx\/index.php?rest_route=\/wp\/v2\/types\/post"}],"author":[{"embeddable":true,"href":"https:\/\/zonaroja.com.mx\/index.php?rest_route=\/wp\/v2\/users\/2"}],"replies":[{"embeddable":true,"href":"https:\/\/zonaroja.com.mx\/index.php?rest_route=%2Fwp%2Fv2%2Fcomments&post=50770"}],"version-history":[{"count":1,"href":"https:\/\/zonaroja.com.mx\/index.php?rest_route=\/wp\/v2\/posts\/50770\/revisions"}],"predecessor-version":[{"id":50771,"href":"https:\/\/zonaroja.com.mx\/index.php?rest_route=\/wp\/v2\/posts\/50770\/revisions\/50771"}],"wp:featuredmedia":[{"embeddable":true,"href":"https:\/\/zonaroja.com.mx\/index.php?rest_route=\/wp\/v2\/media\/50335"}],"wp:attachment":[{"href":"https:\/\/zonaroja.com.mx\/index.php?rest_route=%2Fwp%2Fv2%2Fmedia&parent=50770"}],"wp:term":[{"taxonomy":"category","embeddable":true,"href":"https:\/\/zonaroja.com.mx\/index.php?rest_route=%2Fwp%2Fv2%2Fcategories&post=50770"},{"taxonomy":"post_tag","embeddable":true,"href":"https:\/\/zonaroja.com.mx\/index.php?rest_route=%2Fwp%2Fv2%2Ftags&post=50770"}],"curies":[{"name":"wp","href":"https:\/\/api.w.org\/{rel}","templated":true}]}}