{"id":50776,"date":"2023-01-22T18:11:46","date_gmt":"2023-01-23T00:11:46","guid":{"rendered":"http:\/\/www.zonaroja.com.mx\/?p=50776"},"modified":"2023-01-22T18:11:48","modified_gmt":"2023-01-23T00:11:48","slug":"doblegan-a-edil-de-juchitan-luego-de-tres-dias-de-bloqueos","status":"publish","type":"post","link":"https:\/\/zonaroja.com.mx\/?p=50776","title":{"rendered":"Doblegan a edil de Juchit\u00e1n, luego de tres d\u00edas de bloqueos"},"content":{"rendered":"\n<p>Redacci\u00f3n\/Zona Roja.<\/p>\n\n\n\n<p>Oaxaca de Ju\u00e1rez, Oax., a 22 de enero de 2023.- Con tres d\u00edas de bloqueo carretero en la regi\u00f3n del Istmo, pobladores arropados en una organizaci\u00f3n social doblegaron al edil de Juchit\u00e1n de Zaragoza a no despedir a 15 trabajadores.<\/p>\n\n\n\n<p>Se trata de la agrupaci\u00f3n de izquierda Corriente Democr\u00e1tica del Pueblo, que fund\u00f3 y dirige el ex edil juchiteco Roberto L\u00f3pez Rosado, quien desde el viernes azuz\u00f3 el bloqueo a la v\u00eda Tehuantepec-Juchit\u00e1n, a la altura del kil\u00f3metro 260, punto conocido como IMECA.<\/p>\n\n\n\n<p>Seg\u00fan denunciaron los afectados, el edil surgido de Morena, Miguel S\u00e1nchez Altamirano\u2014quien supli\u00f3 a Emilio Montero P\u00e9rez, actual director del IEEPO\u2014, tom\u00f3 la decisi\u00f3n de cesar a 15 trabajadores, a pesar de que no son de reciente contrataci\u00f3n.<\/p>\n\n\n\n<p>Laboraban en Regidur\u00eda de Asuntos Ind\u00edgenas pero fueron cesados sin argumento alguno desde el pasado 11 de enero.<\/p>\n\n\n\n<p>El mi\u00e9rcoles los afectados iniciaron un bloqueo a la carretera, que levantaron bajo el compromiso de que se les reinstalar\u00eda; sin embargo, el presidente municipal no cumpli\u00f3, por lo cual desde el s\u00e1bado por la ma\u00f1ana reanudaron el cierre de la carretera federal.<\/p>\n\n\n\n<p>Finalmente la tarde de este domingo, fue retirado el cierre vial, una vez que el edil morenista cedi\u00f3 a reinstalar y pagar la quincena atrasada a los 15 trabajadores; el edil S\u00e1nchez Altamirano hab\u00eda filtrado previamente la n\u00f3mina de dichas personas y acusaba que eran familiares de los dirigentes de la Coordinadora Democr\u00e1tica del Pueblo.<\/p>\n","protected":false},"excerpt":{"rendered":"<p>Redacci\u00f3n\/Zona Roja. Oaxaca de Ju\u00e1rez, Oax., a 22 de enero de 2023.- Con tres d\u00edas&hellip;<\/p>\n","protected":false},"author":2,"featured_media":50777,"comment_status":"closed","ping_status":"open","sticky":false,"template":"","format":"standard","meta":{"_lmt_disableupdate":"","_lmt_disable":"","_jetpack_memberships_contains_paid_content":false,"footnotes":""},"categories":[109,47],"tags":[123],"class_list":["post-50776","post","type-post","status-publish","format-standard","has-post-thumbnail","hentry","category-minuto-a-minuto","category-zona-gris","tag-juchitan-de-zaragoza"],"jetpack_featured_media_url":"https:\/\/zonaroja.com.mx\/wp-content\/uploads\/2023\/01\/Bloqueo-CDP-Juchitan.jpeg","jetpack_sharing_enabled":true,"_links":{"self":[{"href":"https:\/\/zonaroja.com.mx\/index.php?rest_route=\/wp\/v2\/posts\/50776","targetHints":{"allow":["GET"]}}],"collection":[{"href":"https:\/\/zonaroja.com.mx\/index.php?rest_route=\/wp\/v2\/posts"}],"about":[{"href":"https:\/\/zonaroja.com.mx\/index.php?rest_route=\/wp\/v2\/types\/post"}],"author":[{"embeddable":true,"href":"https:\/\/zonaroja.com.mx\/index.php?rest_route=\/wp\/v2\/users\/2"}],"replies":[{"embeddable":true,"href":"https:\/\/zonaroja.com.mx\/index.php?rest_route=%2Fwp%2Fv2%2Fcomments&post=50776"}],"version-history":[{"count":1,"href":"https:\/\/zonaroja.com.mx\/index.php?rest_route=\/wp\/v2\/posts\/50776\/revisions"}],"predecessor-version":[{"id":50778,"href":"https:\/\/zonaroja.com.mx\/index.php?rest_route=\/wp\/v2\/posts\/50776\/revisions\/50778"}],"wp:featuredmedia":[{"embeddable":true,"href":"https:\/\/zonaroja.com.mx\/index.php?rest_route=\/wp\/v2\/media\/50777"}],"wp:attachment":[{"href":"https:\/\/zonaroja.com.mx\/index.php?rest_route=%2Fwp%2Fv2%2Fmedia&parent=50776"}],"wp:term":[{"taxonomy":"category","embeddable":true,"href":"https:\/\/zonaroja.com.mx\/index.php?rest_route=%2Fwp%2Fv2%2Fcategories&post=50776"},{"taxonomy":"post_tag","embeddable":true,"href":"https:\/\/zonaroja.com.mx\/index.php?rest_route=%2Fwp%2Fv2%2Ftags&post=50776"}],"curies":[{"name":"wp","href":"https:\/\/api.w.org\/{rel}","templated":true}]}}