{"id":50782,"date":"2023-01-23T06:52:45","date_gmt":"2023-01-23T12:52:45","guid":{"rendered":"http:\/\/www.zonaroja.com.mx\/?p=50782"},"modified":"2023-01-23T11:38:16","modified_gmt":"2023-01-23T17:38:16","slug":"opinion-la-4t-y-el-fracaso-de-la-seguridad","status":"publish","type":"post","link":"https:\/\/zonaroja.com.mx\/?p=50782","title":{"rendered":"Opini\u00f3n. La 4T y el fracaso de la seguridad"},"content":{"rendered":"\n<p>Ismael Garc\u00eda M.\/Zona Roja.<\/p>\n\n\n\n<p>Oaxaca de Ju\u00e1rez, Oax., a 23 de enero de 2023.- Ni priistas ni morenistas pueden con la creciente violencia en Oaxaca.&nbsp;<\/p>\n\n\n\n<p>Iv\u00e1n Garc\u00eda \u00c1lvarez, un marino tra\u00eddo de otra entidad del pa\u00eds \u2014recomendado por Jos\u00e9 Manuel Vera Salinas\u2014, ha resultado un estrepitoso fracaso en los casi dos primeros meses del gobierno de Salom\u00f3n Jara Cruz.<\/p>\n\n\n\n<p>Karina Bar\u00f3n, una oaxaque\u00f1a con escasa experiencia en el cargo, pero que abrev\u00f3 en las mesas de seguridad con los priistas y con Alejandro Murat, intenta privilegiar la prevenci\u00f3n del delito, que no es su funci\u00f3n, y tampoco ha logrado nada, pese a la asesor\u00eda de Vera Salinas.<\/p>\n\n\n\n<p>Todos los d\u00edas hay por lo menos un asesinato; un asalto a transe\u00fante o a comercio; todos los d\u00edas una mujer en cualquier lugar del estado sufre una agresi\u00f3n. Y no pasa nada.<\/p>\n\n\n\n<p>Apenas en la semana que termina, fueron hallados calcinados tres cuerpos, en jurisdicci\u00f3n de San Francisco Telixtlahuaca; ejecutaron a una regidora de San Pedro Tapanatepec; decapitaron a un joven en Pochutla\u2026 la noche del domingo ultimaron a balazos a dos mujeres en la capital.<\/p>\n\n\n\n<p>S\u00ed, evidentemente que en ello hay mucha irresponsabilidad en los gobiernos municipales \u2014como sucede en la capital\u2014, pero justamente la labor de la Secretar\u00eda de Seguridad, ahora tambi\u00e9n de Protecci\u00f3n Ciudadana, es crear pol\u00edticas p\u00fablicas de prevenci\u00f3n para todo el estado y velar, por supuesto, por la tranquilidad de los oaxaque\u00f1os en cualquier parte.<\/p>\n\n\n\n<p>LOS PRIISTAS<\/p>\n\n\n\n<p>Cuatro titulares tuvo la Secretar\u00eda de Seguridad P\u00fablica en el sexenio de Alejandro Murat Hinojosa y todos hicieron que trabajaron. Tan sonado el fracaso que hasta dorm\u00edan, literalmente, con el enemigo, como fue el caso del ex diputado Gustavo D. S., a quien incluso protegieron hasta donde se pudo.<\/p>\n\n\n\n<p>Inici\u00f3 Jos\u00e9 Raymundo Tu\u00f1\u00f3n, recomendado igualmente por Vera Salinas y tra\u00eddo de tierras coahuilenses, pero la disipaci\u00f3n y los pleitos con su ex esposa terminaron por hundirlo, con nulos resultados.<\/p>\n\n\n\n<p>Le siguieron un especialista en espionaje, con dos d\u00e9cadas de experiencia en ese rubro, el nayarita Ra\u00fal Ernesto Salcedo, pero pudieron m\u00e1s los intereses verasalinista de protecci\u00f3n a sus grupos, por lo que terminaron retir\u00e1ndolo; continu\u00f3 Heliodoro D\u00edaz Esc\u00e1rraga, que ya hab\u00eda estado en el \u00e1rea y quien tampoco hizo nada, pues estaba m\u00e1s tiempo en sus vicios que en su trabajo.<\/p>\n\n\n\n<p>Termin\u00f3 Dalia Ba\u00f1os, una joven bur\u00f3crata que solamente hizo lo que le dijeron, entre ellos seguir instrucciones de Heliodoro D\u00edaz; no movi\u00f3 un cent\u00edmetro de estrategias para no molestar a nadie y as\u00ed termin\u00f3 el sexenio, mientras los cr\u00edmenes corr\u00edan a raudales.<\/p>\n\n\n\n<p>Tan a raudales que cubrieron a Gustavo D. S., cabeza de un c\u00e1rtel, seg\u00fan el gobierno federal, y sentenciado recientemente en la entidad por dos cr\u00edmenes. Compadre y amigo del tres veces diputado Alejandro Avil\u00e9s, y nadie sab\u00eda de su involucramiento con el crimen organizado; tambi\u00e9n ojos cerrados a los continuos desmanes de Freddy Gil Pineda.<\/p>\n\n\n\n<p>Medios informativos nacionales han revelado que cuando menos tres c\u00e1rteles de manufactura nacional tienen presencia en Oaxaca y se reparten el territorio, pero nadie los toc\u00f3 \u2014ni los ha tocado\u2014 por lo cual no ha habido disputas masivas sangrientas.&nbsp;<\/p>\n\n\n\n<p>Seg\u00fan inform\u00f3 en su momento ZONA ROJA, la violencia durante el sexenio de Alejandro Murat Hinojosa creci\u00f3 en un 25 por ciento de su primer al \u00faltimo a\u00f1o de administraci\u00f3n, con un saldo de cinco mil 218 homicidios dolosos y m\u00e1s de 230 feminicidios, seg\u00fan cifras oficiales.<\/p>\n\n\n\n<p>De acuerdo con el Secretariado Ejecutivo del Sistema Nacional de Seguridad P\u044ablica (SESNSP), del 1 de diciembre de 2016 al 30 de noviembre de 2022, en Oaxaca se registr\u00f3 una incidencia de 241 mil 99 delitos.<\/p>\n\n\n\n<p>CAPITAL, IGUAL<\/p>\n\n\n\n<p>La ciudad de Oaxaca es uno de los principales \u201cfocos rojos\u201d delictivos en la entidad y, seg\u00fan reconoci\u00f3 recientemente, la ola delincuencial se ha extendido a zonas como el Centro Hist\u00f3rico y la colonia Reforma, otrora espacios tranquilos.<\/p>\n\n\n\n<p>Ni con Oswaldo Garc\u00eda Jarqu\u00edn ni con Francisco Mart\u00ednez Neri ha habido eficacia en la prevenci\u00f3n del delito.<\/p>\n\n\n\n<p>En el colmo, el actual presidente municipal, segundo surgido del Partido Morena, opt\u00f3 por aceptar que le impusieran un ex militar, Ra\u00fal \u00c1vila Ibarra que, en lugar de demostrar eficiencia y trabajo, ha hecho exactamente lo contrario.<\/p>\n\n\n\n<p>Se pasea con sus guardaespaldas y no falta en los actos sociales de Mart\u00ednez Neri; continuamente posa para fotograf\u00edas y videos e incluso \u00e9l mismo toma sus materiales\u2026 de las actividades del edil.<\/p>\n\n\n\n<p>Para rematar, sus polic\u00edas han sido acusados \u2014con hechos corroborados mediante videos en redes sociales\u2014 de actuar con exceso de fuerza y recibiendo sobornos.<\/p>\n\n\n\n<p>A la luz del d\u00eda, en pleno centro de la ciudad, los delincuentes operan impunemente, por supuesto que con protecci\u00f3n policial, al igual que sucede con la Central de Abasto, donde la droga y los cr\u00edmenes siguen reinando.<\/p>\n\n\n\n<p>Las inconformidades de los uniformados no han faltado, para reclamar uniformes y equipamiento; muy escasa ha sido la respuesta.<\/p>\n\n\n\n<p>\u00bfQU\u00c9 HAR\u00c1 LA 4T?<\/p>\n\n\n\n<p>Lleg\u00f3 el morenista Salom\u00f3n Jara el pasado 1 de diciembre y ha prometido una \u201cprimavera oaxaque\u00f1a\u201d, que lamentablemente en el colectivo social ha devenido en \u201cmaldita primavera\u201d, en materia de seguridad.<\/p>\n\n\n\n<p>Inici\u00f3 con el pie izquierdo, pues acept\u00f3 la imposici\u00f3n de un marino, el capit\u00e1n de fragata Iv\u00e1n Garc\u00eda \u00c1lvarez, quien fue recomendado por Vera Salinas; otro marino fue colocado en la Polic\u00eda Estatal, Gerardo Robles Lara, que hasta ahora nadie conoce, mucho menos la tropa en el interior de la entidad.<\/p>\n\n\n\n<p>Ambos son ajenos a Oaxaca; a prop\u00f3sito han ocultado sus datos generales, incluyendo lugar de origen, para no ser investigados.&nbsp;<\/p>\n\n\n\n<p>Pudiera ser que tuvieran preparaci\u00f3n y experiencia, el problema es que, primero, en casi dos meses no lo han demostrado; segundo, no conocen el territorio oaxaque\u00f1o y ni siquiera han tenido \u00e1nimos o tiempo para visitar las regiones.<\/p>\n\n\n\n<p>Tercero, est\u00e1n absolutamente cerrados a los medios de comunicaci\u00f3n -por \u00f3rdenes del argentino Ren\u00e9 Palacios que manda en el \u00e1rea de Comunicaci\u00f3n Social- y por lo tanto nadie sabe qu\u00e9 hacen.<\/p>\n\n\n\n<p>El marino comenz\u00f3 a quitar los mandos operativos en la Secretar\u00eda de Seguridad, pero coloc\u00f3 a los peores elementos, que no han servido par nada; hasta ha echado mano de priistas como H\u00e9ctor Gonz\u00e1lez, a quien coloc\u00f3 en el sistema de videovigilancia.<\/p>\n\n\n\n<p>Ni antes ni ahora, nadie le ha apostado a la prevenci\u00f3n; no hay ni un atisbo de plan de trabajo y las rebeliones en la polic\u00eda comenzar\u00e1n a surgir.<\/p>\n\n\n\n<p>En la Polic\u00eda Auxiliar, el gobernador Salom\u00f3n Jara coloc\u00f3 a un individuo cuyo m\u00e9rito es proteger e incrementar el ambulante en la ciudad de Oaxaca, Alejandro Tejada, de quien la Secci\u00f3n 22 pide su renuncia, pero nadie le hace caso.<\/p>\n\n\n\n<p>En el Secretariado Ejecutivo del Sistema Estatal de Seguridad P\u00fablica coloc\u00f3 a Karina Bar\u00f3n, y pese a lo que conoce a trav\u00e9s de las mesas de seguridad que presidi\u00f3 en el sexenio de Alejandro Murat, en nada ha contribuido a la tranquilidad del estado.<\/p>\n\n\n\n<p>Ha tenido la iniciativa de promover acciones de prevenci\u00f3n, como la protecci\u00f3n a mujeres, pero se ha equivocado de funciones, pues la de su \u00e1rea \u2014que por cierto le hered\u00f3 y recomend\u00f3 Jos\u00e9 Manuel Vera Salinas\u2014 es \u00fanicamente administrativa y de manejo de los recursos presupuestales, no operativa.<\/p>\n\n\n\n<p>El resultado de ello, el sonoro fracaso en cifras: al menos 150 asesinatos en casi dos meses de gobierno morenista.<\/p>\n\n\n\n<p>En cifras oficiales, del Secretariado Ejecutivo nacional, los homicidios dolosos registraron un alza en diciembre, con 87 v\u00edctimas, 23 por ciento m\u00e1s en comparaci\u00f3n con el mes anterior, el \u00faltimo de Murat.<\/p>\n\n\n\n<p>\u00bfQu\u00e9 har\u00e1 Salom\u00f3n Jara? Nada. Igual que Andr\u00e9s Manuel L\u00f3pez Obrador, seguir\u00e1 culpando al pasado, a los priistas, a los \u201cconservadores\u201d, sin ver que en las propias filas morenistas est\u00e1 la delincuencia.<\/p>\n\n\n\n<p>Para muestra, basta un bot\u00f3n: Oaxaca capital, San Pedro Pochutla, Tehuantepec, Salina Cruz, Mat\u00edas Romero, San Pedro Tapanatepec, Santa Maria Petapa, Juchit\u00e1n, con gobiernos morenistas, y que no ser\u00e1n molestados y mucho menos tendr\u00e1n exigencias de mejorar la seguridad.<\/p>\n\n\n\n<p>\u00bfRenunciar\u00e1 a los marinos que contrat\u00f3? Tampoco. \u00bfPresentar\u00e1 un plan urgente en materia de seguridad? Menos. As\u00ed que todo seguir\u00e1 igual, lamentablemente para los oaxaque\u00f1os. Seguir\u00e1n los abrazos y no los balazos. <\/p>\n","protected":false},"excerpt":{"rendered":"<p>Ismael Garc\u00eda M.\/Zona Roja. Oaxaca de Ju\u00e1rez, Oax., a 23 de enero de 2023.- Ni&hellip;<\/p>\n","protected":false},"author":2,"featured_media":41735,"comment_status":"closed","ping_status":"open","sticky":false,"template":"","format":"standard","meta":{"_lmt_disableupdate":"","_lmt_disable":"","_jetpack_memberships_contains_paid_content":false,"footnotes":""},"categories":[456,109,48],"tags":[1353],"class_list":["post-50782","post","type-post","status-publish","format-standard","has-post-thumbnail","hentry","category-columna","category-minuto-a-minuto","category-zona-critica","tag-opinion-zona-critica"],"jetpack_featured_media_url":"https:\/\/zonaroja.com.mx\/wp-content\/uploads\/2022\/05\/Opinion-Ismael-Garcia-M.jpg","jetpack_sharing_enabled":true,"_links":{"self":[{"href":"https:\/\/zonaroja.com.mx\/index.php?rest_route=\/wp\/v2\/posts\/50782","targetHints":{"allow":["GET"]}}],"collection":[{"href":"https:\/\/zonaroja.com.mx\/index.php?rest_route=\/wp\/v2\/posts"}],"about":[{"href":"https:\/\/zonaroja.com.mx\/index.php?rest_route=\/wp\/v2\/types\/post"}],"author":[{"embeddable":true,"href":"https:\/\/zonaroja.com.mx\/index.php?rest_route=\/wp\/v2\/users\/2"}],"replies":[{"embeddable":true,"href":"https:\/\/zonaroja.com.mx\/index.php?rest_route=%2Fwp%2Fv2%2Fcomments&post=50782"}],"version-history":[{"count":3,"href":"https:\/\/zonaroja.com.mx\/index.php?rest_route=\/wp\/v2\/posts\/50782\/revisions"}],"predecessor-version":[{"id":50803,"href":"https:\/\/zonaroja.com.mx\/index.php?rest_route=\/wp\/v2\/posts\/50782\/revisions\/50803"}],"wp:featuredmedia":[{"embeddable":true,"href":"https:\/\/zonaroja.com.mx\/index.php?rest_route=\/wp\/v2\/media\/41735"}],"wp:attachment":[{"href":"https:\/\/zonaroja.com.mx\/index.php?rest_route=%2Fwp%2Fv2%2Fmedia&parent=50782"}],"wp:term":[{"taxonomy":"category","embeddable":true,"href":"https:\/\/zonaroja.com.mx\/index.php?rest_route=%2Fwp%2Fv2%2Fcategories&post=50782"},{"taxonomy":"post_tag","embeddable":true,"href":"https:\/\/zonaroja.com.mx\/index.php?rest_route=%2Fwp%2Fv2%2Ftags&post=50782"}],"curies":[{"name":"wp","href":"https:\/\/api.w.org\/{rel}","templated":true}]}}