{"id":50784,"date":"2023-01-23T07:28:15","date_gmt":"2023-01-23T13:28:15","guid":{"rendered":"http:\/\/www.zonaroja.com.mx\/?p=50784"},"modified":"2023-01-23T07:28:17","modified_gmt":"2023-01-23T13:28:17","slug":"roja-primavera-para-las-mujeres-en-oaxaca-asesinan-a-dos-en-domingo","status":"publish","type":"post","link":"https:\/\/zonaroja.com.mx\/?p=50784","title":{"rendered":"\u201cRoja primavera\u201d para las mujeres en Oaxaca: asesinan a dos en domingo"},"content":{"rendered":"\n<p>Ismael Garc\u00eda M.\/Zona Roja.<\/p>\n\n\n\n<p>Oaxaca de Ju\u00e1rez, Oax., a 23 de enero de 2023.- A dos aument\u00f3 el n\u00famero de mujeres que murieron a balazos en Oaxaca, la noche de este domingo.<\/p>\n\n\n\n<p>En la calle Agust\u00edn Melgar de la colonia Santa Anita, perteneciente al municipio de Oaxaca de Ju\u00e1rez, una mujer fue atacada a balazos por sujetos desconocidos.<\/p>\n\n\n\n<p>Fue trasladada por sus propios familiares a una cl\u00ednica particular, pero en la calle Ni\u00f1os H\u00e9roes del barrio Ex Marquesado, detectaron que ya no contaba con signos vitales, por lo cual la bajaron a la banqueta.<\/p>\n\n\n\n<p>La v\u00edctima fue identificada de manera preliminar como Janeth G. H., de 42 a\u00f1os de edad. De los probables delincuentes no hay indicios.<\/p>\n\n\n\n<p>Momentos antes, en la calle Duraznales de Santa Cruz Amilpas, municipio conurbado a la capital, fue ultimada a balazos una femenina, cuando se encontraba en el exterior de su domicilio.<\/p>\n\n\n\n<p>De la v\u00edctima a\u00fan no han sido proporcionados sus datos generales y supuestamente fue un par de motociclistas que le dispar\u00f3, tras lo cual ambos huyeron con rumbo al fraccionamiento El Rosario, perteneciente a San Sebasti\u00e1n Tutla.<\/p>\n\n\n\n<p>Hasta esta ma\u00f1ana corporaciones policiacas no han reportado ninguna detenci\u00f3n relacionada con estos casos.<\/p>\n\n\n\n<p>Con estos dos casos, suman cinco homicidios dolosos registrados en el transcurso de ayer domingo, uno de ellos en Juchit\u00e1n de Zaragoza, otro en San Ildefonso Amatl\u00e1n y uno m\u00e1s en Santiago Jamiltepec.<\/p>\n","protected":false},"excerpt":{"rendered":"<p>Ismael Garc\u00eda M.\/Zona Roja. Oaxaca de Ju\u00e1rez, Oax., a 23 de enero de 2023.- A&hellip;<\/p>\n","protected":false},"author":2,"featured_media":50785,"comment_status":"closed","ping_status":"open","sticky":false,"template":"","format":"standard","meta":{"_lmt_disableupdate":"","_lmt_disable":"","_jetpack_memberships_contains_paid_content":false,"footnotes":""},"categories":[109,51],"tags":[148,2046],"class_list":["post-50784","post","type-post","status-publish","format-standard","has-post-thumbnail","hentry","category-minuto-a-minuto","category-zona-roja","tag-oaxaca-de-juarez","tag-santa-cruz-amilpas"],"jetpack_featured_media_url":"https:\/\/zonaroja.com.mx\/wp-content\/uploads\/2023\/01\/Mujer-asesinada-ciudad-de-Oaxaca.jpg","jetpack_sharing_enabled":true,"_links":{"self":[{"href":"https:\/\/zonaroja.com.mx\/index.php?rest_route=\/wp\/v2\/posts\/50784","targetHints":{"allow":["GET"]}}],"collection":[{"href":"https:\/\/zonaroja.com.mx\/index.php?rest_route=\/wp\/v2\/posts"}],"about":[{"href":"https:\/\/zonaroja.com.mx\/index.php?rest_route=\/wp\/v2\/types\/post"}],"author":[{"embeddable":true,"href":"https:\/\/zonaroja.com.mx\/index.php?rest_route=\/wp\/v2\/users\/2"}],"replies":[{"embeddable":true,"href":"https:\/\/zonaroja.com.mx\/index.php?rest_route=%2Fwp%2Fv2%2Fcomments&post=50784"}],"version-history":[{"count":1,"href":"https:\/\/zonaroja.com.mx\/index.php?rest_route=\/wp\/v2\/posts\/50784\/revisions"}],"predecessor-version":[{"id":50786,"href":"https:\/\/zonaroja.com.mx\/index.php?rest_route=\/wp\/v2\/posts\/50784\/revisions\/50786"}],"wp:featuredmedia":[{"embeddable":true,"href":"https:\/\/zonaroja.com.mx\/index.php?rest_route=\/wp\/v2\/media\/50785"}],"wp:attachment":[{"href":"https:\/\/zonaroja.com.mx\/index.php?rest_route=%2Fwp%2Fv2%2Fmedia&parent=50784"}],"wp:term":[{"taxonomy":"category","embeddable":true,"href":"https:\/\/zonaroja.com.mx\/index.php?rest_route=%2Fwp%2Fv2%2Fcategories&post=50784"},{"taxonomy":"post_tag","embeddable":true,"href":"https:\/\/zonaroja.com.mx\/index.php?rest_route=%2Fwp%2Fv2%2Ftags&post=50784"}],"curies":[{"name":"wp","href":"https:\/\/api.w.org\/{rel}","templated":true}]}}