{"id":50792,"date":"2023-01-23T09:30:00","date_gmt":"2023-01-23T15:30:00","guid":{"rendered":"http:\/\/www.zonaroja.com.mx\/?p=50792"},"modified":"2023-01-23T08:09:48","modified_gmt":"2023-01-23T14:09:48","slug":"oaxaca-sin-fiscal-desde-hace-un-mes-mientras-violencia-e-injusticias-crecen","status":"publish","type":"post","link":"https:\/\/zonaroja.com.mx\/?p=50792","title":{"rendered":"Oaxaca sin fiscal desde hace un mes, mientras violencia e injusticias crecen"},"content":{"rendered":"\n<p>Yuridiana Sosa\/Zona Roja.<\/p>\n\n\n\n<p>Oaxaca de Ju\u00e1rez, Oax., a 23 de enero de 2023.- Mientras la ola de violencia en Oaxaca se intensifica de la mano de la injusticia, Oaxaca cumple un mes sin titular de la Fiscal\u00eda General del Estado.<\/p>\n\n\n\n<p>Desde el pasado 23 de diciembre, ante la renuncia de Arturo Peimbert Calvo, los hechos violentos se han incrementado, com mayor presencia en el primer mes del a\u00f1o, con una serie de asesinatos , protestas violentas y liberaci\u00f3n de detenidos por presi\u00f3n social.&nbsp;<\/p>\n\n\n\n<p>De acuerdo con el Secretariado Ejecutivo del Sistema Nacional de Seguridad P\u00fablica (SESNSP),&nbsp; la incidencia del delito de homicidio doloso aument\u00f3 de 2.8 hechos diarios, en diciembre \u2013primer mes del nuevo gobierno de Salom\u00f3n Jara\u2013 a 3.0 en lo que va de enero.<\/p>\n\n\n\n<p>Pese a ello, el gobernador de Oaxaca tard\u00f3 m\u00e1s de una semana en devolver la terna al Congreso del Estado para el an\u00e1lisis y votaci\u00f3n de qui\u00e9n ocupar\u00e1 la vacante en la Fiscal\u00eda, tema del que se espera se aborde en pr\u00f3ximos d\u00edas en Sesi\u00f3n de la 65 Legislatura.<\/p>\n\n\n\n<p>Prueba del incremento de la violencia se muestra ante la ocurrencia de asesinatos en las \u00faltimas horas y d\u00edas, as\u00ed de forma consecutiva, en diferentes regiones de la entidad.<\/p>\n\n\n\n<p>Mientras que, como lo se\u00f1alan las estad\u00edsticas, por d\u00eda se han llegado a registrar hasta tres o m\u00e1s asesinatos, como el pasado 18 de enero, con la ejecuci\u00f3n de tres hombres en distintos hechos en los Valles Centrales, as\u00ed como la violaci\u00f3n de una joven mujer en una gasolinera de la zona conurbada.<\/p>\n\n\n\n<p>Pero horas antes, tambi\u00e9n se hab\u00edan reportado otras ejecuciones en San Pedro Tapanatepec y en El Ciruelo, localidad de Pinotepa Nacional y en Huajuapan de Le\u00f3n.&nbsp;<\/p>\n\n\n\n<p>JUSTICIA EN VILO<\/p>\n\n\n\n<p>Los hechos violentos en Oaxaca han alcanzado hasta a autoridades municipales y presentarse escenarios inusuales como la localizaci\u00f3n de restos humanos quemados casi a plena vista.\u00a0 Y en este lapso sin fiscal, la instituci\u00f3n aval\u00f3 la impunidad, con la liberaci\u00f3n de un activista. <\/p>\n\n\n\n<p>El pasado 19 de enero, fue asesinada en un ataque armando la regidora de Comercio de Tapanatepec, en el Istmo, Heidi Candelaria Lagunes, quien pertenec\u00eda a un gobierno local morenista.<\/p>\n\n\n\n<p>El ataque ocurri\u00f3 en un negocio del Barrio de las Flores, y de acuerdo a testigos, fue directo.<\/p>\n\n\n\n<p>En tanto, en San Francisco Telixtlahuaca, en los Valles Centrales,&nbsp; fueron localizados -en inmediaciones de un basurero en la agencia Ojo de Agua- tres cad\u00e1veres, dos hombres y una mujer, aparentemente calcinados tras un supuesto incendio en el lugar, al que llegaron autoridades para combatirlo.<\/p>\n\n\n\n<p>Adem\u00e1s, apenas el 20 de enero fue hallado muerto un joven desaparecido en San Pedro Pochutla desde el pasado 18 de enero.<\/p>\n\n\n\n<p>El cuerpo de la v\u00edctima fue localizado en la entrada del R\u00edo del Puente Chacalapilla entre Candelaria Loxicha y Pochutla, el cual de acuerdo a las autoridades, fue decapitado y presentaba otras se\u00f1as de tortura.<\/p>\n\n\n\n<p>Apenas este domingo, dos mujeres y tres individuos fueron asesinados en la entidad, frente a la creciente demanda de justicia por parte de la sociedad.<\/p>\n\n\n\n<p>VIOLENCIA P\u00daBLICA<\/p>\n\n\n\n<p>Diversos grupos de pobladores tambi\u00e9n han protagonizado protestas violentas en las que se ha visto violentados derechos de terceros y hasta la misma ley en materia de justicia.<\/p>\n\n\n\n<p>Habitantes de Santiago Yaitepec realizaron por varios d\u00edas un bloqueo carretero en las v\u00edas que conducen a Juquila y otras comunidades en la Costa por problemas post electorales, en el que se hicieron valer de disparos de arma de fuego al aire para impedir que habitantes de localidades vecinas retiraran el bloqueo.<\/p>\n\n\n\n<p>En tanto, que por medio de la presi\u00f3n social con el desarrollo de una protesta violencia fue liberado el activista y agente municipal de Puente Madera, San Blas Atempa, David H.S. acusado de los delitos de da\u00f1os por incendio y lesiones dolosas, por los que hab\u00eda sido detenido horas antes.<\/p>\n\n\n\n<p>En el bloqueo realizaron la quema de una de motor y la retenci\u00f3n de un autob\u00fas con turistas franceses.<\/p>\n\n\n\n<p>A todo ello se agrega que las desapariciones de mujeres y hombres siguen sin cesar en las diferentes zonas del estado.<\/p>\n","protected":false},"excerpt":{"rendered":"<p>Yuridiana Sosa\/Zona Roja. Oaxaca de Ju\u00e1rez, Oax., a 23 de enero de 2023.- Mientras la&hellip;<\/p>\n","protected":false},"author":2,"featured_media":44631,"comment_status":"closed","ping_status":"open","sticky":false,"template":"","format":"standard","meta":{"_lmt_disableupdate":"","_lmt_disable":"","_jetpack_memberships_contains_paid_content":false,"footnotes":""},"categories":[109,47],"tags":[494],"class_list":["post-50792","post","type-post","status-publish","format-standard","has-post-thumbnail","hentry","category-minuto-a-minuto","category-zona-gris","tag-fiscalia-general-del-estado-de-oaxaca"],"jetpack_featured_media_url":"https:\/\/zonaroja.com.mx\/wp-content\/uploads\/2022\/08\/Oficinas-Fiscalia-General-Oaxaca.jpg","jetpack_sharing_enabled":true,"_links":{"self":[{"href":"https:\/\/zonaroja.com.mx\/index.php?rest_route=\/wp\/v2\/posts\/50792","targetHints":{"allow":["GET"]}}],"collection":[{"href":"https:\/\/zonaroja.com.mx\/index.php?rest_route=\/wp\/v2\/posts"}],"about":[{"href":"https:\/\/zonaroja.com.mx\/index.php?rest_route=\/wp\/v2\/types\/post"}],"author":[{"embeddable":true,"href":"https:\/\/zonaroja.com.mx\/index.php?rest_route=\/wp\/v2\/users\/2"}],"replies":[{"embeddable":true,"href":"https:\/\/zonaroja.com.mx\/index.php?rest_route=%2Fwp%2Fv2%2Fcomments&post=50792"}],"version-history":[{"count":1,"href":"https:\/\/zonaroja.com.mx\/index.php?rest_route=\/wp\/v2\/posts\/50792\/revisions"}],"predecessor-version":[{"id":50793,"href":"https:\/\/zonaroja.com.mx\/index.php?rest_route=\/wp\/v2\/posts\/50792\/revisions\/50793"}],"wp:featuredmedia":[{"embeddable":true,"href":"https:\/\/zonaroja.com.mx\/index.php?rest_route=\/wp\/v2\/media\/44631"}],"wp:attachment":[{"href":"https:\/\/zonaroja.com.mx\/index.php?rest_route=%2Fwp%2Fv2%2Fmedia&parent=50792"}],"wp:term":[{"taxonomy":"category","embeddable":true,"href":"https:\/\/zonaroja.com.mx\/index.php?rest_route=%2Fwp%2Fv2%2Fcategories&post=50792"},{"taxonomy":"post_tag","embeddable":true,"href":"https:\/\/zonaroja.com.mx\/index.php?rest_route=%2Fwp%2Fv2%2Ftags&post=50792"}],"curies":[{"name":"wp","href":"https:\/\/api.w.org\/{rel}","templated":true}]}}