{"id":50794,"date":"2023-01-23T11:30:00","date_gmt":"2023-01-23T17:30:00","guid":{"rendered":"http:\/\/www.zonaroja.com.mx\/?p=50794"},"modified":"2023-01-23T08:14:25","modified_gmt":"2023-01-23T14:14:25","slug":"exigen-a-ieepo-recontratacion-de-maestros-de-ingles-emilio-montero-desoye","status":"publish","type":"post","link":"https:\/\/zonaroja.com.mx\/?p=50794","title":{"rendered":"Exigen a IEEPO recontrataci\u00f3n de maestros de ingl\u00e9s; Emilio Montero desoye"},"content":{"rendered":"\n<p>Yuridiana Sosa\/Zona Roja.<\/p>\n\n\n\n<p>Oaxaca de Ju\u00e1rez, Oax., 23 de enero de 2023.- Bajo la consigna de \u201cjusticia\u201d y \u201cno nos hagan lo mismo que el gobierno anterior\u201d, profesores de ingl\u00e9s, identificados como teachers Proni, exigen al Instituto Estatal de Educaci\u00f3n P\u00fablica de Oaxaca (IEEPO) recontrataci\u00f3n.\u00a0<\/p>\n\n\n\n<p>Unidos en el movimiento nacional, los docentes que forman parte del Programa Nacional de Ingl\u00e9s (Proni) en Oaxaca demandaron al titular del IEEPO, Emilio Montero P\u00e9rez, atendida su demanda, pues el tiempo para la entrega de documentos se redujo y eso impedir\u00eda el proceso despu\u00e9s.\u00a0<\/p>\n\n\n\n<p>Ante la desatenci\u00f3n de Montero P\u00e9rez y del gobierno de Oaxaca, los maestros llegaron a la s\u00faplica de pedir la recontrataci\u00f3n para 90 profesores. \u201cPor favor no nos deje en el olvido como lo hizo el gobierno anterior, queremos regresar a trabajar\u201d, apuntan las docentes.&nbsp;<\/p>\n\n\n\n<p>Los docentes de Oaxaca denunciaron que el gobierno en la entidad no ha dado continuidad al ciclo escolar del Programa Nacional de Ingl\u00e9s (Proni) en los \u00faltimos seis a\u00f1os, por lo que urge se d\u00e9 prioridad a este problema.<\/p>\n\n\n\n<p>En tanto, a nivel nacional, desde hace 15 a\u00f1os se ha optado por el outsourcing para la prestaci\u00f3n de servicios, por lo que demandan \u201cno m\u00e1s outsorcing\u201d y respuesta inmediata de la titular de la Secretar\u00eda de Educaci\u00f3n P\u00fablica en M\u00e9xico, Leticia Ram\u00edrez Amaya.<\/p>\n","protected":false},"excerpt":{"rendered":"<p>Yuridiana Sosa\/Zona Roja. Oaxaca de Ju\u00e1rez, Oax., 23 de enero de 2023.- Bajo la consigna&hellip;<\/p>\n","protected":false},"author":2,"featured_media":50795,"comment_status":"closed","ping_status":"open","sticky":false,"template":"","format":"standard","meta":{"_lmt_disableupdate":"","_lmt_disable":"","_jetpack_memberships_contains_paid_content":false,"footnotes":""},"categories":[109,47],"tags":[1829],"class_list":["post-50794","post","type-post","status-publish","format-standard","has-post-thumbnail","hentry","category-minuto-a-minuto","category-zona-gris","tag-emilio-montero-perez"],"jetpack_featured_media_url":"https:\/\/zonaroja.com.mx\/wp-content\/uploads\/2023\/01\/Emilio-Montero-Perez.jpeg","jetpack_sharing_enabled":true,"_links":{"self":[{"href":"https:\/\/zonaroja.com.mx\/index.php?rest_route=\/wp\/v2\/posts\/50794","targetHints":{"allow":["GET"]}}],"collection":[{"href":"https:\/\/zonaroja.com.mx\/index.php?rest_route=\/wp\/v2\/posts"}],"about":[{"href":"https:\/\/zonaroja.com.mx\/index.php?rest_route=\/wp\/v2\/types\/post"}],"author":[{"embeddable":true,"href":"https:\/\/zonaroja.com.mx\/index.php?rest_route=\/wp\/v2\/users\/2"}],"replies":[{"embeddable":true,"href":"https:\/\/zonaroja.com.mx\/index.php?rest_route=%2Fwp%2Fv2%2Fcomments&post=50794"}],"version-history":[{"count":1,"href":"https:\/\/zonaroja.com.mx\/index.php?rest_route=\/wp\/v2\/posts\/50794\/revisions"}],"predecessor-version":[{"id":50796,"href":"https:\/\/zonaroja.com.mx\/index.php?rest_route=\/wp\/v2\/posts\/50794\/revisions\/50796"}],"wp:featuredmedia":[{"embeddable":true,"href":"https:\/\/zonaroja.com.mx\/index.php?rest_route=\/wp\/v2\/media\/50795"}],"wp:attachment":[{"href":"https:\/\/zonaroja.com.mx\/index.php?rest_route=%2Fwp%2Fv2%2Fmedia&parent=50794"}],"wp:term":[{"taxonomy":"category","embeddable":true,"href":"https:\/\/zonaroja.com.mx\/index.php?rest_route=%2Fwp%2Fv2%2Fcategories&post=50794"},{"taxonomy":"post_tag","embeddable":true,"href":"https:\/\/zonaroja.com.mx\/index.php?rest_route=%2Fwp%2Fv2%2Ftags&post=50794"}],"curies":[{"name":"wp","href":"https:\/\/api.w.org\/{rel}","templated":true}]}}