{"id":50797,"date":"2023-01-23T08:23:09","date_gmt":"2023-01-23T14:23:09","guid":{"rendered":"http:\/\/www.zonaroja.com.mx\/?p=50797"},"modified":"2023-01-23T08:23:12","modified_gmt":"2023-01-23T14:23:12","slug":"suman-seis-victimas-en-ataque-armado-en-veracruz-entre-ellos-dos-menores","status":"publish","type":"post","link":"https:\/\/zonaroja.com.mx\/?p=50797","title":{"rendered":"Suman seis v\u00edctimas en ataque armado en Veracruz, entre ellos dos menores"},"content":{"rendered":"\n<p>Redacci\u00f3n\/Zona Roja Cdmx.<\/p>\n\n\n\n<p>Ciudad de M\u00e9xico, a 23 de enero de 2023.- A seis aument\u00f3 el n\u00famero de integrantes de una familia asesinadas este domingo en el estado de Veracruz, entre ellos dos menores de edad.<\/p>\n\n\n\n<p>El gobierno de esa entidad, que encabeza el morenista Cuitl\u00e1huaca Garc\u00eda, justific\u00f3 que se trata de un ajuste de cuentas con grupos del crimen organizado.<\/p>\n\n\n\n<p>El ataque sucedi\u00f3 aproximadamente a las 16:00 horas de ayer en la v\u00eda federal libre Veracruz-Xalapa, a la altura de la zona&nbsp;aeronaval de la Secretar\u00eda de Marina y tambi\u00e9n del Aeropuerto Internacional \u201cHeriberto Jara Corona\u201d.<\/p>\n\n\n\n<p>Una camioneta marca Ford tipo Lobo negra fue perseguida por sujetos armados a bordo de varios veh\u00edculos, y fue a la altura de la zona conocida como Las Bajadas) en que fueron rafagueados sus ocupantes.<\/p>\n\n\n\n<p>Los cuerpos de los ni\u00f1os y adultos quedaron al interior de la camioneta negra, y tambi\u00e9n se report\u00f3 que un hombre m\u00e1s muri\u00f3 a bordo de un taxi en la v\u00eda que conecta al municipio de Veracruz con Boca del R\u00edo y Medell\u00edn.<\/p>\n\n\n\n<p>Hasta el momento no se han dado a conocer la identidad de las v\u00edctimas.<\/p>\n","protected":false},"excerpt":{"rendered":"<p>Redacci\u00f3n\/Zona Roja Cdmx. Ciudad de M\u00e9xico, a 23 de enero de 2023.- A seis aument\u00f3&hellip;<\/p>\n","protected":false},"author":2,"featured_media":50798,"comment_status":"closed","ping_status":"open","sticky":false,"template":"","format":"standard","meta":{"_lmt_disableupdate":"","_lmt_disable":"","_jetpack_memberships_contains_paid_content":false,"footnotes":""},"categories":[109,47],"tags":[99],"class_list":["post-50797","post","type-post","status-publish","format-standard","has-post-thumbnail","hentry","category-minuto-a-minuto","category-zona-gris","tag-veracruz"],"jetpack_featured_media_url":"https:\/\/zonaroja.com.mx\/wp-content\/uploads\/2023\/01\/Asesinato-familia-Veracruz.jpeg","jetpack_sharing_enabled":true,"_links":{"self":[{"href":"https:\/\/zonaroja.com.mx\/index.php?rest_route=\/wp\/v2\/posts\/50797","targetHints":{"allow":["GET"]}}],"collection":[{"href":"https:\/\/zonaroja.com.mx\/index.php?rest_route=\/wp\/v2\/posts"}],"about":[{"href":"https:\/\/zonaroja.com.mx\/index.php?rest_route=\/wp\/v2\/types\/post"}],"author":[{"embeddable":true,"href":"https:\/\/zonaroja.com.mx\/index.php?rest_route=\/wp\/v2\/users\/2"}],"replies":[{"embeddable":true,"href":"https:\/\/zonaroja.com.mx\/index.php?rest_route=%2Fwp%2Fv2%2Fcomments&post=50797"}],"version-history":[{"count":1,"href":"https:\/\/zonaroja.com.mx\/index.php?rest_route=\/wp\/v2\/posts\/50797\/revisions"}],"predecessor-version":[{"id":50799,"href":"https:\/\/zonaroja.com.mx\/index.php?rest_route=\/wp\/v2\/posts\/50797\/revisions\/50799"}],"wp:featuredmedia":[{"embeddable":true,"href":"https:\/\/zonaroja.com.mx\/index.php?rest_route=\/wp\/v2\/media\/50798"}],"wp:attachment":[{"href":"https:\/\/zonaroja.com.mx\/index.php?rest_route=%2Fwp%2Fv2%2Fmedia&parent=50797"}],"wp:term":[{"taxonomy":"category","embeddable":true,"href":"https:\/\/zonaroja.com.mx\/index.php?rest_route=%2Fwp%2Fv2%2Fcategories&post=50797"},{"taxonomy":"post_tag","embeddable":true,"href":"https:\/\/zonaroja.com.mx\/index.php?rest_route=%2Fwp%2Fv2%2Ftags&post=50797"}],"curies":[{"name":"wp","href":"https:\/\/api.w.org\/{rel}","templated":true}]}}