{"id":50804,"date":"2023-01-23T16:14:58","date_gmt":"2023-01-23T22:14:58","guid":{"rendered":"http:\/\/www.zonaroja.com.mx\/?p=50804"},"modified":"2023-01-23T16:15:02","modified_gmt":"2023-01-23T22:15:02","slug":"realizan-cambios-en-el-cde-del-pri-marco-cuevas-como-secretario-de-organizacion","status":"publish","type":"post","link":"https:\/\/zonaroja.com.mx\/?p=50804","title":{"rendered":"Realizan cambios en el CDE del PRI; Marco Cuevas, como secretario de Organizaci\u00f3n"},"content":{"rendered":"\n<p>Redacci\u00f3n\/Zona Roja.<\/p>\n\n\n\n<p>Oaxaca de Ju\u00e1rez, Oax., a 23 de enero de 2023.- En el marco de la renovaci\u00f3n del Comit\u00e9 Directivo Estatal del Partido Revolucionario Institucional (PRI) en Oaxaca, Marco Antonio Hern\u00e1ndez Cuevas fue nombrado hoy secretario de Organizaci\u00f3n de este instituto pol\u00edtico.<\/p>\n\n\n\n<p>En este sentido, Hern\u00e1ndez Cuevas expres\u00f3 que de manera inmediata se revisar\u00e1 la vigencia de todos los comit\u00e9s municipales, la operatividad de los sectores y organizaciones, para fortalecer el priismo en todo el territorio oaxaque\u00f1o.<\/p>\n\n\n\n<p>\u00abEl objetivo es el fortalecimiento del comit\u00e9 y del priismo en el estado de Oaxaca, con miras al proceso electoral 2024, tenemos que fortalecer todos los sectores, y preparar las estrategias que se necesitan para ganar las elecciones\u00bb, manifest\u00f3, en el acto que encabez\u00f3 el presidente del partido, Javier Villaca\u00f1a.&nbsp;<\/p>\n\n\n\n<p>Cabe mencionar que Marco Antonio Hern\u00e1ndez Cuevas fungi\u00f3 como coordinador de campa\u00f1a del candidato del PRI a la gubernatura del estado, Alejandro Avil\u00e9s \u00c1lvarez (AAA).<\/p>\n\n\n\n<p>Cuenta con una gran experiencia en el \u00e1mbito pol\u00edtico-electoral, fue tambi\u00e9n coordinador de campa\u00f1a del senador Ra\u00fal Bola\u00f1os Cacho Cu\u00e9 adem\u00e1s de dos veces diputado local. Se caracteriz\u00f3 por sus seis a\u00f1os de trabajo como representante legislativo en el Instituto Estatal Electoral y de Participaci\u00f3n Ciudadana (IEEPCO).<\/p>\n\n\n\n<p>C\u00f3mo funcionario p\u00fablico,\u00a0en el 2019 se desempe\u00f1\u00f3 \u00a0como Coordinador General de Atenci\u00f3n Regional;\u00a0en el 2017\u00a0como director\u00a0del\u00a0Instituto de Capacitaci\u00f3n y Productividad para el Trabajo del Estado de\u00a0Oaxaca, en donde fue reconocido por sus resultados; mientras que del 2013\u00a0fue Gerente Estatal de Liconsa.<\/p>\n\n\n\n<figure class=\"wp-block-embed is-type-rich is-provider-twitter wp-block-embed-twitter\"><div class=\"wp-block-embed__wrapper\">\n<div class=\"twitter-tweet\"><blockquote class=\"twitter-tweet\" data-lang=\"es\"><p lang=\"es\" dir=\"ltr\"><a href=\"https:\/\/twitter.com\/hashtag\/%C3%9AltimoMinuto?src=hash&amp;ref_src=twsrc%5Etfw\">#\u00daltimoMinuto<\/a> <br>En conferencia de prensa, el presidente del PRI en <a href=\"https:\/\/twitter.com\/hashtag\/Oaxaca?src=hash&amp;ref_src=twsrc%5Etfw\">#Oaxaca<\/a>, Javier Villaca\u00f1a Jim\u00e9nez, anunci\u00f3 cambios en el Comit\u00e9 Directivo Estatal, entre ellos el de Marco Antonio Cuevas (<a href=\"https:\/\/twitter.com\/marco_cuevas_?ref_src=twsrc%5Etfw\">@marco_cuevas_<\/a>) como secretario de Organizaci\u00f3n. <a href=\"https:\/\/t.co\/I3BGbE61bq\">pic.twitter.com\/I3BGbE61bq<\/a><\/p>&mdash; Zona Roja Oaxaca (@ZonaRoja_Oaxaca) <a href=\"https:\/\/twitter.com\/ZonaRoja_Oaxaca\/status\/1617618906717515777?ref_src=twsrc%5Etfw\">23 de enero de 2023<\/a><\/blockquote><\/div>\n<\/div><\/figure>\n\n\n\n<p>Tambi\u00e9n se&nbsp;desempe\u00f1\u00f3 como catedr\u00e1tico de la Universidad Aut\u00f3noma \u201cBenito Ju\u00e1rez\u201d de Oaxaca (UABJO) y fue subdirector del Instituto Oaxaque\u00f1o de atenci\u00f3n al Migrante del Estado.<\/p>\n\n\n\n<p>A su extenso curr\u00edculo se suma haber sido presidente del Frente Juvenil Revolucionario del PRI&nbsp;y&nbsp;del Instituto de Capacitaci\u00f3n y Desarrollo Pol\u00edtico (ICADEP), ahora Instituto Reyes Heroles del PRI, en donde se han forjado pol\u00edticos, j\u00f3venes responsables, comprometidos con el partido, conocedores de la realidad del pa\u00eds, creadores de propuestas, atentos a la ciudadan\u00eda y en constante capacitaci\u00f3n para cada vez ser mejores.<\/p>\n","protected":false},"excerpt":{"rendered":"<p>Redacci\u00f3n\/Zona Roja. Oaxaca de Ju\u00e1rez, Oax., a 23 de enero de 2023.- En el marco&hellip;<\/p>\n","protected":false},"author":2,"featured_media":50805,"comment_status":"closed","ping_status":"open","sticky":false,"template":"","format":"standard","meta":{"_lmt_disableupdate":"","_lmt_disable":"","_jetpack_memberships_contains_paid_content":false,"footnotes":""},"categories":[109,46],"tags":[1246],"class_list":["post-50804","post","type-post","status-publish","format-standard","has-post-thumbnail","hentry","category-minuto-a-minuto","category-zona-blanca","tag-partido-revolucionario-institucional-pri"],"jetpack_featured_media_url":"https:\/\/zonaroja.com.mx\/wp-content\/uploads\/2023\/01\/Conferencia-PRI-Oaxaca.jpg","jetpack_sharing_enabled":true,"_links":{"self":[{"href":"https:\/\/zonaroja.com.mx\/index.php?rest_route=\/wp\/v2\/posts\/50804","targetHints":{"allow":["GET"]}}],"collection":[{"href":"https:\/\/zonaroja.com.mx\/index.php?rest_route=\/wp\/v2\/posts"}],"about":[{"href":"https:\/\/zonaroja.com.mx\/index.php?rest_route=\/wp\/v2\/types\/post"}],"author":[{"embeddable":true,"href":"https:\/\/zonaroja.com.mx\/index.php?rest_route=\/wp\/v2\/users\/2"}],"replies":[{"embeddable":true,"href":"https:\/\/zonaroja.com.mx\/index.php?rest_route=%2Fwp%2Fv2%2Fcomments&post=50804"}],"version-history":[{"count":1,"href":"https:\/\/zonaroja.com.mx\/index.php?rest_route=\/wp\/v2\/posts\/50804\/revisions"}],"predecessor-version":[{"id":50806,"href":"https:\/\/zonaroja.com.mx\/index.php?rest_route=\/wp\/v2\/posts\/50804\/revisions\/50806"}],"wp:featuredmedia":[{"embeddable":true,"href":"https:\/\/zonaroja.com.mx\/index.php?rest_route=\/wp\/v2\/media\/50805"}],"wp:attachment":[{"href":"https:\/\/zonaroja.com.mx\/index.php?rest_route=%2Fwp%2Fv2%2Fmedia&parent=50804"}],"wp:term":[{"taxonomy":"category","embeddable":true,"href":"https:\/\/zonaroja.com.mx\/index.php?rest_route=%2Fwp%2Fv2%2Fcategories&post=50804"},{"taxonomy":"post_tag","embeddable":true,"href":"https:\/\/zonaroja.com.mx\/index.php?rest_route=%2Fwp%2Fv2%2Ftags&post=50804"}],"curies":[{"name":"wp","href":"https:\/\/api.w.org\/{rel}","templated":true}]}}