{"id":50807,"date":"2023-01-23T19:06:04","date_gmt":"2023-01-24T01:06:04","guid":{"rendered":"http:\/\/www.zonaroja.com.mx\/?p=50807"},"modified":"2023-01-23T19:06:09","modified_gmt":"2023-01-24T01:06:09","slug":"zona-de-etla-se-convierte-en-tiradero-de-cadaveres-denuncia-autoridad-y-pide-ayuda","status":"publish","type":"post","link":"https:\/\/zonaroja.com.mx\/?p=50807","title":{"rendered":"Zona de Etla se convierte en \u201ctiradero de cad\u00e1veres\u201d, denuncia autoridad y pide ayuda"},"content":{"rendered":"\n<p>Yuridiana Sosa\/Zona Roja.<\/p>\n\n\n\n<p>Oaxaca de Ju\u00e1rez, Oax., 23 de enero de 2023.- La inseguridad en Oaxaca se ha apoderado hasta de peque\u00f1os municipios como Santiago Suchilquitongo y otras localidades del distrito de Etla, donde la autoridad municipal calific\u00f3 el territorio como \u201cfoco rojo\u201d, al convertirse en un tiradero de cad\u00e1veres.<\/p>\n\n\n\n<p>As\u00ed lo dio a conocer la presidenta de Suchilquitongo, Laura Isabel Rom\u00e1n Figueroa, en el marco de la desaparici\u00f3n de una adolescente desde hace una semana, lo cual acentu\u00f3 la percepci\u00f3n de inseguridad en esa y localidades cercanas.<\/p>\n\n\n\n<p>Rom\u00e1n Figueroa demand\u00f3 al Gobierno del Estado y al federal voltear la atenci\u00f3n a Suchilquitongo en materia de seguridad, porque ya es \u201cfoco rojo\u201d por la superficie territorial por los diversos accesos, lo que ha permitido que de manera frecuente arrojen personas muertas en las carreteras y caminos que conectan a este municipio.<\/p>\n\n\n\n<p>Mencion\u00f3 las conexiones con el municipio de San Pablo Huitzo, Telixtlahuaca, y hasta con sus mismas agencias como Santa Cruz Lachixolana.<\/p>\n\n\n\n<figure class=\"wp-block-embed is-type-rich is-provider-twitter wp-block-embed-twitter\"><div class=\"wp-block-embed__wrapper\">\n<div class=\"twitter-tweet\"><blockquote class=\"twitter-tweet\" data-lang=\"es\"><p lang=\"es\" dir=\"ltr\">As\u00ed de grave la inseguridad en <a href=\"https:\/\/twitter.com\/hashtag\/Oaxaca?src=hash&amp;ref_src=twsrc%5Etfw\">#Oaxaca<\/a>. <br>La presidenta municipal de Santiago <a href=\"https:\/\/twitter.com\/hashtag\/Suchilquitongo?src=hash&amp;ref_src=twsrc%5Etfw\">#Suchilquitongo<\/a>, Laura Isabel Rom\u00e1n Figueroa, denunci\u00f3 que esa y localidades aleda\u00f1as se han convertido en un tiradero de cad\u00e1veres de personas asesinadas, y nadie hace nada. <a href=\"https:\/\/t.co\/nyLMgf0Dpm\">pic.twitter.com\/nyLMgf0Dpm<\/a><\/p>&mdash; Zona Roja Oaxaca (@ZonaRoja_Oaxaca) <a href=\"https:\/\/twitter.com\/ZonaRoja_Oaxaca\/status\/1617364547538456578?ref_src=twsrc%5Etfw\">23 de enero de 2023<\/a><\/blockquote><\/div>\n<\/div><\/figure>\n\n\n\n<p>MARCHA POR ANDREA ITZEL<\/p>\n\n\n\n<p>Por otra parte, a una semana de la desaparici\u00f3n de la adolescente de 17 a\u00f1os de edad, Andrea Itzel Mart\u00ednez Castellanos, familiares, amigos y poblaci\u00f3n en general realizaron una marcha en Santiago Suchilquitongo para exigir su pronta localizaci\u00f3n con vida.<\/p>\n\n\n\n<p>La numerosa marcha, encabezada por la familia de la menor, parti\u00f3 del domicilio de Andrea Itzel, donde se le vio por \u00faltima vez, hacia el acceso principal del municipio y por unos minutos bloquearon la vialidad.<\/p>\n\n\n\n<p>Andrea Itzel fue vista por \u00faltima vez el pasado 17 de enero alrededor de las 6:40 horas, momento en que sus padres salieron para dirigirse a trabajar y ella se qued\u00f3 en casa, por lo que sospechan que pudo ser sustra\u00edda de su domicilio en el barrio Del Pe\u00f1asco, de esa comunidad.<\/p>\n\n\n\n<p>Respecto al caso, el titular de la Secretar\u00eda de Seguridad P\u00fablica de Oaxaca, Capit\u00e1n Iv\u00e1n Garc\u00eda \u00c1lvarez, se\u00f1al\u00f3 que hubo di\u00e1logo con sus padres, quienes mencionaron que la joven sali\u00f3 en el transcurso de la ma\u00f1ana.<\/p>\n\n\n\n<p>En el domicilio no se encontraron se\u00f1ales de forcejeo en las puertas, y el celular de la menor fue apagado.<\/p>\n\n\n\n<p>Apunt\u00f3 que hubo rastreo de alguna informaci\u00f3n con n\u00famero telef\u00f3nicos, en unos hay datos de extorsi\u00f3n y en otros de otro tipo que no est\u00e1n relacionados con el evento de la desaparici\u00f3n.<\/p>\n\n\n\n<p>En tanto que la Fiscal\u00eda General realiza m\u00e1s investigaciones, de las que se reserv\u00f3 detalles, la Polic\u00eda Estatal reforzar\u00e1 con patrullajes.<\/p>\n\n\n\n<figure class=\"wp-block-embed is-type-rich is-provider-twitter wp-block-embed-twitter\"><div class=\"wp-block-embed__wrapper\">\n<div class=\"twitter-tweet\"><blockquote class=\"twitter-tweet\" data-lang=\"es\"><p lang=\"es\" dir=\"ltr\"><a href=\"https:\/\/twitter.com\/hashtag\/%C3%9AltimoMinuto?src=hash&amp;ref_src=twsrc%5Etfw\">#\u00daltimoMinuto<\/a><br>En Santiago <a href=\"https:\/\/twitter.com\/hashtag\/Suchilquitongo?src=hash&amp;ref_src=twsrc%5Etfw\">#Suchilquitongo<\/a>, <a href=\"https:\/\/twitter.com\/hashtag\/Oaxaca?src=hash&amp;ref_src=twsrc%5Etfw\">#Oaxaca<\/a>, esta ma\u00f1ana se realiza una marcha para exigir la b\u00fasqueda de Andrea Itzel, a una semana de su desaparici\u00f3n. <a href=\"https:\/\/t.co\/knAZQq7uiy\">pic.twitter.com\/knAZQq7uiy<\/a><\/p>&mdash; Zona Roja Oaxaca (@ZonaRoja_Oaxaca) <a href=\"https:\/\/twitter.com\/ZonaRoja_Oaxaca\/status\/1617566066003292161?ref_src=twsrc%5Etfw\">23 de enero de 2023<\/a><\/blockquote><\/div>\n<\/div><\/figure>\n","protected":false},"excerpt":{"rendered":"<p>Yuridiana Sosa\/Zona Roja. Oaxaca de Ju\u00e1rez, Oax., 23 de enero de 2023.- La inseguridad en&hellip;<\/p>\n","protected":false},"author":2,"featured_media":50809,"comment_status":"closed","ping_status":"open","sticky":false,"template":"","format":"standard","meta":{"_lmt_disableupdate":"","_lmt_disable":"","_jetpack_memberships_contains_paid_content":false,"footnotes":""},"categories":[109,47],"tags":[1364],"class_list":["post-50807","post","type-post","status-publish","format-standard","has-post-thumbnail","hentry","category-minuto-a-minuto","category-zona-gris","tag-santiago-suchilquitongo"],"jetpack_featured_media_url":"https:\/\/zonaroja.com.mx\/wp-content\/uploads\/2023\/01\/Marcha-Santiago-Suchilquitongo-Andrea-Itzel.jpg","jetpack_sharing_enabled":true,"_links":{"self":[{"href":"https:\/\/zonaroja.com.mx\/index.php?rest_route=\/wp\/v2\/posts\/50807","targetHints":{"allow":["GET"]}}],"collection":[{"href":"https:\/\/zonaroja.com.mx\/index.php?rest_route=\/wp\/v2\/posts"}],"about":[{"href":"https:\/\/zonaroja.com.mx\/index.php?rest_route=\/wp\/v2\/types\/post"}],"author":[{"embeddable":true,"href":"https:\/\/zonaroja.com.mx\/index.php?rest_route=\/wp\/v2\/users\/2"}],"replies":[{"embeddable":true,"href":"https:\/\/zonaroja.com.mx\/index.php?rest_route=%2Fwp%2Fv2%2Fcomments&post=50807"}],"version-history":[{"count":1,"href":"https:\/\/zonaroja.com.mx\/index.php?rest_route=\/wp\/v2\/posts\/50807\/revisions"}],"predecessor-version":[{"id":50810,"href":"https:\/\/zonaroja.com.mx\/index.php?rest_route=\/wp\/v2\/posts\/50807\/revisions\/50810"}],"wp:featuredmedia":[{"embeddable":true,"href":"https:\/\/zonaroja.com.mx\/index.php?rest_route=\/wp\/v2\/media\/50809"}],"wp:attachment":[{"href":"https:\/\/zonaroja.com.mx\/index.php?rest_route=%2Fwp%2Fv2%2Fmedia&parent=50807"}],"wp:term":[{"taxonomy":"category","embeddable":true,"href":"https:\/\/zonaroja.com.mx\/index.php?rest_route=%2Fwp%2Fv2%2Fcategories&post=50807"},{"taxonomy":"post_tag","embeddable":true,"href":"https:\/\/zonaroja.com.mx\/index.php?rest_route=%2Fwp%2Fv2%2Ftags&post=50807"}],"curies":[{"name":"wp","href":"https:\/\/api.w.org\/{rel}","templated":true}]}}