{"id":50811,"date":"2023-01-23T19:52:06","date_gmt":"2023-01-24T01:52:06","guid":{"rendered":"http:\/\/www.zonaroja.com.mx\/?p=50811"},"modified":"2023-01-23T19:52:11","modified_gmt":"2023-01-24T01:52:11","slug":"proceso-contra-juan-antonio-v-c-continua-y-se-analizara-decision-del-juez","status":"publish","type":"post","link":"https:\/\/zonaroja.com.mx\/?p=50811","title":{"rendered":"Proceso contra Juan Antonio V.C contin\u00faa y se analizar\u00e1 decisi\u00f3n del juez"},"content":{"rendered":"\n<p>Yuridiana Sosa\/Zona Roja.<\/p>\n\n\n\n<p>Oaxaca de Ju\u00e1rez, Oax., 23 de enero de 2023.- El presidente del Poder Judicial de Oaxaca, Eduardo Pinacho S\u00e1nchez, asegur\u00f3 que el proceso penal contra Juan Antonio V.C. sigue, pues la resoluci\u00f3n sobre el arraigo domiciliario no representa sentencia absolutoria, sin embargo, se revisar\u00e1 la determinaci\u00f3n del juez que cambi\u00f3 la prisi\u00f3n preventiva en un centro penitenciario.<\/p>\n\n\n\n<p>En entrevista colectiva en el Palacio de Gobierno, coment\u00f3 sobre la decisi\u00f3n del juez Te\u00f3dulo Pacheco para que el presunto autor intelectual de la agresi\u00f3n con \u00e1cido contra la saxofonista Mar\u00eda Elena R\u00edos saliera de la c\u00e1rcel y continuar\u00e1 su proceso en arraigo domiciliario.<\/p>\n\n\n\n<p>\u201cHabr\u00eda que hacer la revisi\u00f3n correspondiente a trav\u00e9s de los medios de impugnaci\u00f3n que seguramente har\u00e1n valer, para que las instancias correspondientes, espec\u00edficamente alguna de las Salas Penales del Tribunal Superior de Justicia, analice exhaustivamente la resoluci\u00f3n dictada por el juez y en su momento dado determine su legalidad o ilegalidad\u201d, apunt\u00f3.<\/p>\n\n\n\n<p>Por lo que agreg\u00f3: \u201clo que quiero dejar en claro es que esta resoluci\u00f3n no absuelve al imputado, no se trata de una sentencia absolutoria\u201d.<\/p>\n\n\n\n<p>As\u00ed mismo, asever\u00f3 que independientemente de eso, el Poder Judicial analizar\u00e1 en lo administrativo la decisi\u00f3n del juez y en funci\u00f3n de eso, junto con lo que concluya una de las Salas Penales, determinar\u00e1n lo que procesa respecto al juez y su determinaci\u00f3n.<\/p>\n\n\n\n<figure class=\"wp-block-embed is-type-rich is-provider-twitter wp-block-embed-twitter\"><div class=\"wp-block-embed__wrapper\">\n<div class=\"twitter-tweet\"><blockquote class=\"twitter-tweet\" data-lang=\"es\"><p lang=\"es\" dir=\"ltr\"><a href=\"https:\/\/twitter.com\/hashtag\/%C3%9AltimoMinuto?src=hash&amp;ref_src=twsrc%5Etfw\">#\u00daltimoMinuto<\/a><br>Sobre el caso Juan Antonio V. C.-Mar\u00eda Elena R\u00edos, el presidente del <a href=\"https:\/\/twitter.com\/tsjoaxaca?ref_src=twsrc%5Etfw\">@tsjoaxaca<\/a>, Eduardo Pinacho S\u00e1nchez precisa: no es una sentencia absolutoria para el inculpado, el proceso judicial sigue y se mantiene la prisi\u00f3n preventiva, s\u00f3lo se cambi\u00f3 a arraigo domiciliario. <a href=\"https:\/\/t.co\/L8YiJTeCae\">pic.twitter.com\/L8YiJTeCae<\/a><\/p>&mdash; Zona Roja Oaxaca (@ZonaRoja_Oaxaca) <a href=\"https:\/\/twitter.com\/ZonaRoja_Oaxaca\/status\/1617606616538546177?ref_src=twsrc%5Etfw\">23 de enero de 2023<\/a><\/blockquote><\/div>\n<\/div><\/figure>\n\n\n\n<p>Pinacho S\u00e1nchez confi\u00f3 en que la nueva medida cautelar para Juan Antonio V. C. no le da ventajas para huir de la justicia, pues se le deber\u00e1 instalar un detector electr\u00f3nico, un brazalete que permita darle seguimiento de su ubicaci\u00f3n.<\/p>\n\n\n\n<p>Pero, el gobernador de Oaxaca, Salom\u00f3n Jara Cruz, est\u00e1 en desacuerdo con la resoluci\u00f3n, por lo que anunci\u00f3 la posibilidad de no otorgarle el cambio de arraigo a Juan Antonio.<\/p>\n\n\n\n<p>En ese sentido apunt\u00f3 que instruy\u00f3 a la Secretar\u00eda de Seguridad P\u00fablica del Estado a realizar un diagn\u00f3stico del caso debido a que \u201cno existen las condiciones para dar cumplimiento al cambio de medida cautelar\u201d, pues la casa en la que el ex diputado del PRI seguir\u00eda detenido no cuenta con las garant\u00edas para su estancia.<\/p>\n\n\n\n<p>Respecto a eso, el titular del Poder Judicial indic\u00f3 que una resoluci\u00f3n judicial deber\u00eda cumplirse de manera inmediata, pero tambi\u00e9n habr\u00eda que valorar\u00e1 si efectivamente no se cuenta con las condiciones materiales para que se cumpla con la resoluci\u00f3n.<\/p>\n\n\n\n<p>As\u00ed tambi\u00e9n dijo que independientemente de la divisi\u00f3n de poderes, el gobernador debe atender una situaci\u00f3n que es de trascendencia social, pero aclar\u00f3 que el tema jur\u00eddico s\u00f3lo corresponde al Poder Judicial.&nbsp;<\/p>\n","protected":false},"excerpt":{"rendered":"<p>Yuridiana Sosa\/Zona Roja. Oaxaca de Ju\u00e1rez, Oax., 23 de enero de 2023.- El presidente del&hellip;<\/p>\n","protected":false},"author":2,"featured_media":50812,"comment_status":"closed","ping_status":"open","sticky":false,"template":"","format":"standard","meta":{"_lmt_disableupdate":"","_lmt_disable":"","_jetpack_memberships_contains_paid_content":false,"footnotes":""},"categories":[109,46],"tags":[1225],"class_list":["post-50811","post","type-post","status-publish","format-standard","has-post-thumbnail","hentry","category-minuto-a-minuto","category-zona-blanca","tag-eduardo-pinacho-sanchez"],"jetpack_featured_media_url":"https:\/\/zonaroja.com.mx\/wp-content\/uploads\/2023\/01\/MAgistrado-Eduardo-Pinacho-Sanchez.jpg","jetpack_sharing_enabled":true,"_links":{"self":[{"href":"https:\/\/zonaroja.com.mx\/index.php?rest_route=\/wp\/v2\/posts\/50811","targetHints":{"allow":["GET"]}}],"collection":[{"href":"https:\/\/zonaroja.com.mx\/index.php?rest_route=\/wp\/v2\/posts"}],"about":[{"href":"https:\/\/zonaroja.com.mx\/index.php?rest_route=\/wp\/v2\/types\/post"}],"author":[{"embeddable":true,"href":"https:\/\/zonaroja.com.mx\/index.php?rest_route=\/wp\/v2\/users\/2"}],"replies":[{"embeddable":true,"href":"https:\/\/zonaroja.com.mx\/index.php?rest_route=%2Fwp%2Fv2%2Fcomments&post=50811"}],"version-history":[{"count":1,"href":"https:\/\/zonaroja.com.mx\/index.php?rest_route=\/wp\/v2\/posts\/50811\/revisions"}],"predecessor-version":[{"id":50813,"href":"https:\/\/zonaroja.com.mx\/index.php?rest_route=\/wp\/v2\/posts\/50811\/revisions\/50813"}],"wp:featuredmedia":[{"embeddable":true,"href":"https:\/\/zonaroja.com.mx\/index.php?rest_route=\/wp\/v2\/media\/50812"}],"wp:attachment":[{"href":"https:\/\/zonaroja.com.mx\/index.php?rest_route=%2Fwp%2Fv2%2Fmedia&parent=50811"}],"wp:term":[{"taxonomy":"category","embeddable":true,"href":"https:\/\/zonaroja.com.mx\/index.php?rest_route=%2Fwp%2Fv2%2Fcategories&post=50811"},{"taxonomy":"post_tag","embeddable":true,"href":"https:\/\/zonaroja.com.mx\/index.php?rest_route=%2Fwp%2Fv2%2Ftags&post=50811"}],"curies":[{"name":"wp","href":"https:\/\/api.w.org\/{rel}","templated":true}]}}