{"id":50814,"date":"2023-01-23T20:44:14","date_gmt":"2023-01-24T02:44:14","guid":{"rendered":"http:\/\/www.zonaroja.com.mx\/?p=50814"},"modified":"2023-01-23T20:44:17","modified_gmt":"2023-01-24T02:44:17","slug":"violencia-criminal-cotidiana-en-oaxaca-ejecutado-en-puerto-escondido-y-asalto-en-salina-cruz","status":"publish","type":"post","link":"https:\/\/zonaroja.com.mx\/?p=50814","title":{"rendered":"Violencia criminal cotidiana en Oaxaca: ejecutado en Puerto Escondido y asalto en Salina Cruz"},"content":{"rendered":"\n<p>Redacci\u00f3n\/Zona Roja.<\/p>\n\n\n\n<p>Oaxaca de Ju\u00e1rez, Oax., a 23 de enero de 2023.- Frente a la pasividad en la Secretar\u00eda de Seguridad y Protecci\u00f3n Ciudadana, en Oaxaca no cede la ola criminal cotidiana.<\/p>\n\n\n\n<p>Este mediod\u00eda fue ejecutado un empresario y ex candidato a presidente municipal de Santa Mar\u00eda Colotepec, municipio de la regi\u00f3n Costa.<\/p>\n\n\n\n<p>Sa\u00fal M. F. sal\u00eda de una sucursal bancaria ubicada en la avenida Alfonso P\u00e9rez Gasga, frente aun plantel preescolar, cuando fue atacado a balazos por sujetos desconocidos.<\/p>\n\n\n\n<p>El hombre cay\u00f3 de inmediato al suelo y muri\u00f3 segundos despu\u00e9s, confirmaron param\u00e9dicos que lo atendieron; el tambi\u00e9n empresario ya hab\u00eda sufrido un atentado a mediados del a\u00f1o pasado.<\/p>\n\n\n\n<p>Por otra parte, la tarde de hoy la empleada de una gasoliner\u00eda fue asaltada con violencia en la ciudad y puerto de Salina Cruz, al salir de una sucursal de Citibanamex.<\/p>\n\n\n\n<p>En la calle Guaymas, la v\u00edctima fue abordada por sujetos armados que le arrebataron una bolsa donde presuntamente llevaba una cuantiosa cantidad de dinero, tras lo cual huyeron.<\/p>\n\n\n\n<p>Pese a ser una zona c\u00e9ntrica de dicha ciudad de la regi\u00f3n del Istmo de Tehuantepec, no hab\u00eda polic\u00edas municipales para perseguir al delincuente.<\/p>\n\n\n\n<figure class=\"wp-block-embed is-type-rich is-provider-twitter wp-block-embed-twitter\"><div class=\"wp-block-embed__wrapper\">\n<div class=\"twitter-tweet\"><blockquote class=\"twitter-tweet\" data-lang=\"es\"><p lang=\"es\" dir=\"ltr\"><a href=\"https:\/\/twitter.com\/hashtag\/%C3%9AltimoMinuto?src=hash&amp;ref_src=twsrc%5Etfw\">#\u00daltimoMinuto<\/a><br>Cada vez m\u00e1s grave la inseguridad en <a href=\"https:\/\/twitter.com\/hashtag\/Oaxaca?src=hash&amp;ref_src=twsrc%5Etfw\">#Oaxaca<\/a>.<br>Ahora ejecutan en el destino tur\u00edstico de Puerto Escondido al empresario Sa\u00fal Mart\u00ednez Figueroa, quien fue candidato a la presidencia municipal de Santa Mar\u00eda Colotepec. <a href=\"https:\/\/t.co\/UXXakxZF4w\">pic.twitter.com\/UXXakxZF4w<\/a><\/p>&mdash; Zona Roja Oaxaca (@ZonaRoja_Oaxaca) <a href=\"https:\/\/twitter.com\/ZonaRoja_Oaxaca\/status\/1617613194561835008?ref_src=twsrc%5Etfw\">23 de enero de 2023<\/a><\/blockquote><\/div>\n<\/div><\/figure>\n","protected":false},"excerpt":{"rendered":"<p>Redacci\u00f3n\/Zona Roja. Oaxaca de Ju\u00e1rez, Oax., a 23 de enero de 2023.- Frente a la&hellip;<\/p>\n","protected":false},"author":2,"featured_media":50815,"comment_status":"closed","ping_status":"open","sticky":false,"template":"","format":"standard","meta":{"_lmt_disableupdate":"","_lmt_disable":"","_jetpack_memberships_contains_paid_content":false,"footnotes":""},"categories":[109,51],"tags":[980,3411],"class_list":["post-50814","post","type-post","status-publish","format-standard","has-post-thumbnail","hentry","category-minuto-a-minuto","category-zona-roja","tag-santa-maria-colotepec","tag-saul-m-f"],"jetpack_featured_media_url":"https:\/\/zonaroja.com.mx\/wp-content\/uploads\/2023\/01\/Asesinado-Saul-M.-F.-Colotepec.jpg","jetpack_sharing_enabled":true,"_links":{"self":[{"href":"https:\/\/zonaroja.com.mx\/index.php?rest_route=\/wp\/v2\/posts\/50814","targetHints":{"allow":["GET"]}}],"collection":[{"href":"https:\/\/zonaroja.com.mx\/index.php?rest_route=\/wp\/v2\/posts"}],"about":[{"href":"https:\/\/zonaroja.com.mx\/index.php?rest_route=\/wp\/v2\/types\/post"}],"author":[{"embeddable":true,"href":"https:\/\/zonaroja.com.mx\/index.php?rest_route=\/wp\/v2\/users\/2"}],"replies":[{"embeddable":true,"href":"https:\/\/zonaroja.com.mx\/index.php?rest_route=%2Fwp%2Fv2%2Fcomments&post=50814"}],"version-history":[{"count":1,"href":"https:\/\/zonaroja.com.mx\/index.php?rest_route=\/wp\/v2\/posts\/50814\/revisions"}],"predecessor-version":[{"id":50816,"href":"https:\/\/zonaroja.com.mx\/index.php?rest_route=\/wp\/v2\/posts\/50814\/revisions\/50816"}],"wp:featuredmedia":[{"embeddable":true,"href":"https:\/\/zonaroja.com.mx\/index.php?rest_route=\/wp\/v2\/media\/50815"}],"wp:attachment":[{"href":"https:\/\/zonaroja.com.mx\/index.php?rest_route=%2Fwp%2Fv2%2Fmedia&parent=50814"}],"wp:term":[{"taxonomy":"category","embeddable":true,"href":"https:\/\/zonaroja.com.mx\/index.php?rest_route=%2Fwp%2Fv2%2Fcategories&post=50814"},{"taxonomy":"post_tag","embeddable":true,"href":"https:\/\/zonaroja.com.mx\/index.php?rest_route=%2Fwp%2Fv2%2Ftags&post=50814"}],"curies":[{"name":"wp","href":"https:\/\/api.w.org\/{rel}","templated":true}]}}