{"id":50819,"date":"2023-01-23T22:16:21","date_gmt":"2023-01-24T04:16:21","guid":{"rendered":"http:\/\/www.zonaroja.com.mx\/?p=50819"},"modified":"2023-01-23T22:16:23","modified_gmt":"2023-01-24T04:16:23","slug":"atacan-con-solvente-a-funcionaria-de-salina-cruz-intentaron-quemarla","status":"publish","type":"post","link":"https:\/\/zonaroja.com.mx\/?p=50819","title":{"rendered":"Atacan con solvente a funcionaria de Salina Cruz; intentaron quemarla"},"content":{"rendered":"\n<p>Redacci\u00f3n\/Zona Roja.<\/p>\n\n\n\n<p>Oaxaca de Ju\u00e1rez, Oax., a 23 de enero de 2023.- En Oaxaca, la violencia en contra de las mujeres alcanz\u00f3 a una funcionaria del ayuntamiento de Salina Cruz, en la regi\u00f3n del Istmo.<\/p>\n\n\n\n<p>Un sujeto intent\u00f3 rociar con solvente a la directora de Ecolog\u00eda, Roc\u00edo G\u00f3mez Ortega, con la intenci\u00f3n de prenderle fuego.<\/p>\n\n\n\n<p>El ataque ocurri\u00f3 este lunes cuando personal municipal intentaba desalojar a un grupo de ambulantes en un espacio p\u00fablico en la colonia Cuauht\u00e9moc.<\/p>\n\n\n\n<p>Pero el individuo identificado como Jos\u00e9 Zeferino, de oficio carpintero, reaccion\u00f3 con violencia y roci\u00f3 solvente, al parecer thiner, a la funcionaria municipal, en el momento en que iban a retirar lo muebles que expend\u00eda sin permiso de venta.<\/p>\n\n\n\n<p>Ante ello, polic\u00edas municipales que estaban en la cercan\u00eda detuvieron al sujeto y lo pusieron a disposici\u00f3n del Ministerio P\u00fablico; sin embargo, horas m\u00e1s tarde fue puesto en libertad.<\/p>\n\n\n\n<p>\u201cEste se\u00f1or pr\u00e1cticamente ten\u00eda secuestrado este parque invadi\u00e9ndolo con todos sus muebles que vend\u00eda y nos presentamos varias direcciones y desde el momento en que me presente el se\u00f1or empez\u00f3 a agredirme y amenazarme\u201d, manifest\u00f3 la funcionaria en entrevista colectiva.<\/p>\n\n\n\n<p>El edil surgido del Partido Morena, Daniel M\u00e9ndez Sosa, no ha emitido una postura al respecto, para condenar los hechos.<\/p>\n\n\n\n<figure class=\"wp-block-embed is-type-rich is-provider-twitter wp-block-embed-twitter\"><div class=\"wp-block-embed__wrapper\">\n<div class=\"twitter-tweet\"><blockquote class=\"twitter-tweet\" data-lang=\"es\"><p lang=\"es\" dir=\"ltr\"><a href=\"https:\/\/twitter.com\/hashtag\/%C3%9AltimoMinuto?src=hash&amp;ref_src=twsrc%5Etfw\">#\u00daltimoMinuto<\/a><br>M\u00e1s violencia contra mujeres en Oaxaca.<br>Roc\u00edo G\u00f3mez Ortega, directora de Ecolog\u00eda de Salina Cruz, fue atacada con thiner por Jos\u00e9 Zeferino, quien quer\u00eda quemarla durante una diligencia para liberar un espacio p\u00fablico.<br>La <a href=\"https:\/\/twitter.com\/FISCALIA_GobOax?ref_src=twsrc%5Etfw\">@FISCALIA_GobOax<\/a> dej\u00f3 en libertad al agresor. <a href=\"https:\/\/t.co\/i3JycW8gkU\">pic.twitter.com\/i3JycW8gkU<\/a><\/p>&mdash; Zona Roja Oaxaca (@ZonaRoja_Oaxaca) <a href=\"https:\/\/twitter.com\/ZonaRoja_Oaxaca\/status\/1617652536844103680?ref_src=twsrc%5Etfw\">23 de enero de 2023<\/a><\/blockquote><\/div>\n<\/div><\/figure>\n","protected":false},"excerpt":{"rendered":"<p>Redacci\u00f3n\/Zona Roja. Oaxaca de Ju\u00e1rez, Oax., a 23 de enero de 2023.- En Oaxaca, la&hellip;<\/p>\n","protected":false},"author":2,"featured_media":50820,"comment_status":"closed","ping_status":"open","sticky":false,"template":"","format":"standard","meta":{"_lmt_disableupdate":"","_lmt_disable":"","_jetpack_memberships_contains_paid_content":false,"footnotes":""},"categories":[109,47],"tags":[168],"class_list":["post-50819","post","type-post","status-publish","format-standard","has-post-thumbnail","hentry","category-minuto-a-minuto","category-zona-gris","tag-salina-cruz"],"jetpack_featured_media_url":"https:\/\/zonaroja.com.mx\/wp-content\/uploads\/2023\/01\/Violencia-funcionaria-Salina-Cruz.jpg","jetpack_sharing_enabled":true,"_links":{"self":[{"href":"https:\/\/zonaroja.com.mx\/index.php?rest_route=\/wp\/v2\/posts\/50819","targetHints":{"allow":["GET"]}}],"collection":[{"href":"https:\/\/zonaroja.com.mx\/index.php?rest_route=\/wp\/v2\/posts"}],"about":[{"href":"https:\/\/zonaroja.com.mx\/index.php?rest_route=\/wp\/v2\/types\/post"}],"author":[{"embeddable":true,"href":"https:\/\/zonaroja.com.mx\/index.php?rest_route=\/wp\/v2\/users\/2"}],"replies":[{"embeddable":true,"href":"https:\/\/zonaroja.com.mx\/index.php?rest_route=%2Fwp%2Fv2%2Fcomments&post=50819"}],"version-history":[{"count":1,"href":"https:\/\/zonaroja.com.mx\/index.php?rest_route=\/wp\/v2\/posts\/50819\/revisions"}],"predecessor-version":[{"id":50821,"href":"https:\/\/zonaroja.com.mx\/index.php?rest_route=\/wp\/v2\/posts\/50819\/revisions\/50821"}],"wp:featuredmedia":[{"embeddable":true,"href":"https:\/\/zonaroja.com.mx\/index.php?rest_route=\/wp\/v2\/media\/50820"}],"wp:attachment":[{"href":"https:\/\/zonaroja.com.mx\/index.php?rest_route=%2Fwp%2Fv2%2Fmedia&parent=50819"}],"wp:term":[{"taxonomy":"category","embeddable":true,"href":"https:\/\/zonaroja.com.mx\/index.php?rest_route=%2Fwp%2Fv2%2Fcategories&post=50819"},{"taxonomy":"post_tag","embeddable":true,"href":"https:\/\/zonaroja.com.mx\/index.php?rest_route=%2Fwp%2Fv2%2Ftags&post=50819"}],"curies":[{"name":"wp","href":"https:\/\/api.w.org\/{rel}","templated":true}]}}